{"id":5738,"date":"2024-05-20T12:16:40","date_gmt":"2024-05-20T15:16:40","guid":{"rendered":"http:\/\/cultura.sma.gob.ar\/?p=5738"},"modified":"2024-05-20T12:16:40","modified_gmt":"2024-05-20T15:16:40","slug":"cartelera-san-jose-tributo-a-led-zeppelin","status":"publish","type":"post","link":"https:\/\/cultura.sma.gob.ar\/?p=5738","title":{"rendered":"Cartelera San Jos\u00e9: Tributo a Led Zeppelin"},"content":{"rendered":"\n<figure class=\"wp-block-image size-large\"><img loading=\"lazy\" decoding=\"async\" width=\"576\" height=\"1024\" src=\"https:\/\/cultura.sma.gob.ar\/wp-content\/uploads\/2024\/05\/WhatsApp-Image-2024-05-20-at-11.41.12-576x1024.jpeg\" alt=\"\" class=\"wp-image-5740\" srcset=\"https:\/\/cultura.sma.gob.ar\/wp-content\/uploads\/2024\/05\/WhatsApp-Image-2024-05-20-at-11.41.12-576x1024.jpeg 576w, https:\/\/cultura.sma.gob.ar\/wp-content\/uploads\/2024\/05\/WhatsApp-Image-2024-05-20-at-11.41.12-169x300.jpeg 169w, https:\/\/cultura.sma.gob.ar\/wp-content\/uploads\/2024\/05\/WhatsApp-Image-2024-05-20-at-11.41.12-51x90.jpeg 51w, https:\/\/cultura.sma.gob.ar\/wp-content\/uploads\/2024\/05\/WhatsApp-Image-2024-05-20-at-11.41.12.jpeg 720w\" sizes=\"auto, (max-width: 576px) 100vw, 576px\" \/><\/figure>\n\n\n\n<p>TRIBUTO LED ZEPPELIN<\/p>\n\n\n\n<p>FUNCI\u00d3N: VIERNES 7 DE JUNIO<\/p>\n\n\n\n<p>HORARIO: 21:00 HS<\/p>\n\n\n\n<p>TEATRO SAN JOS\u00c9<\/p>\n\n\n\n<p>ENTRADA ANTICIPADAS $2.500\u00a0&#8211; EN PUERTA $3.000<\/p>\n\n\n\n<p>&#8220;Tributo a Led Zeppelin&#8221; Octavo A\u00f1o (2015-2024) &#8211; Todos los discos de la legendaria banda inglesa recorridos por Gisella Paschetta en voz, Tyncho Comesa\u00f1a en guitarra, Enzo D\u00edaz en bajo y Leo S\u00e1nchez en bater\u00eda. \u00a0Casi dos horas de m\u00fasica con operaci\u00f3n de sonido del genial Ra\u00fal Pina que adem\u00e1s va a grabar el show en vivo.<\/p>\n","protected":false},"excerpt":{"rendered":"<p>TRIBUTO LED ZEPPELIN FUNCI\u00d3N: VIERNES 7 DE JUNIO HORARIO: 21:00 HS TEATRO SAN JOS\u00c9 ENTRADA ANTICIPADAS $2.500\u00a0&#8211; EN PUERTA $3.000 &#8220;Tributo a Led Zeppelin&#8221; Octavo A\u00f1o (2015-2024) &#8211; Todos los discos de la legendaria banda inglesa recorridos por Gisella Paschetta en voz, Tyncho Comesa\u00f1a en guitarra, Enzo D\u00edaz en bajo y Leo S\u00e1nchez en bater\u00eda. \u00a0Casi dos horas de m\u00fasica con operaci\u00f3n de sonido del &hellip; <a href=\"https:\/\/cultura.sma.gob.ar\/?p=5738\" class=\"more-link\">Continue reading <span class=\"screen-reader-text\">Cartelera San Jos\u00e9: Tributo a Led Zeppelin<\/span><\/a><\/p>\n","protected":false},"author":1,"featured_media":292,"comment_status":"closed","ping_status":"","sticky":false,"template":"","format":"image","meta":{"footnotes":""},"categories":[8,9],"tags":[],"class_list":["post-5738","post","type-post","status-publish","format-image","has-post-thumbnail","hentry","category-teatro-san-jose","category-ultimas-noticias","post_format-post-format-image"],"_links":{"self":[{"href":"https:\/\/cultura.sma.gob.ar\/index.php?rest_route=\/wp\/v2\/posts\/5738","targetHints":{"allow":["GET"]}}],"collection":[{"href":"https:\/\/cultura.sma.gob.ar\/index.php?rest_route=\/wp\/v2\/posts"}],"about":[{"href":"https:\/\/cultura.sma.gob.ar\/index.php?rest_route=\/wp\/v2\/types\/post"}],"author":[{"embeddable":true,"href":"https:\/\/cultura.sma.gob.ar\/index.php?rest_route=\/wp\/v2\/users\/1"}],"replies":[{"embeddable":true,"href":"https:\/\/cultura.sma.gob.ar\/index.php?rest_route=%2Fwp%2Fv2%2Fcomments&post=5738"}],"version-history":[{"count":1,"href":"https:\/\/cultura.sma.gob.ar\/index.php?rest_route=\/wp\/v2\/posts\/5738\/revisions"}],"predecessor-version":[{"id":5741,"href":"https:\/\/cultura.sma.gob.ar\/index.php?rest_route=\/wp\/v2\/posts\/5738\/revisions\/5741"}],"wp:featuredmedia":[{"embeddable":true,"href":"https:\/\/cultura.sma.gob.ar\/index.php?rest_route=\/wp\/v2\/media\/292"}],"wp:attachment":[{"href":"https:\/\/cultura.sma.gob.ar\/index.php?rest_route=%2Fwp%2Fv2%2Fmedia&parent=5738"}],"wp:term":[{"taxonomy":"category","embeddable":true,"href":"https:\/\/cultura.sma.gob.ar\/index.php?rest_route=%2Fwp%2Fv2%2Fcategories&post=5738"},{"taxonomy":"post_tag","embeddable":true,"href":"https:\/\/cultura.sma.gob.ar\/index.php?rest_route=%2Fwp%2Fv2%2Ftags&post=5738"}],"curies":[{"name":"wp","href":"https:\/\/api.w.org\/{rel}","templated":true}]}}