{"id":5735,"date":"2024-05-20T12:13:24","date_gmt":"2024-05-20T15:13:24","guid":{"rendered":"http:\/\/cultura.sma.gob.ar\/?p=5735"},"modified":"2024-05-20T12:13:24","modified_gmt":"2024-05-20T15:13:24","slug":"cartelera-san-jose-encuentros-de-experimentacion-y-entrenamiento","status":"publish","type":"post","link":"https:\/\/cultura.sma.gob.ar\/?p=5735","title":{"rendered":"Cartelera San Jos\u00e9: Encuentros de experimentaci\u00f3n y entrenamiento"},"content":{"rendered":"\n<figure class=\"wp-block-image size-large\"><img loading=\"lazy\" decoding=\"async\" width=\"724\" height=\"1024\" src=\"https:\/\/cultura.sma.gob.ar\/wp-content\/uploads\/2024\/05\/WhatsApp-Image-2024-05-20-at-09.37.49-724x1024.jpeg\" alt=\"\" class=\"wp-image-5736\" srcset=\"https:\/\/cultura.sma.gob.ar\/wp-content\/uploads\/2024\/05\/WhatsApp-Image-2024-05-20-at-09.37.49-724x1024.jpeg 724w, https:\/\/cultura.sma.gob.ar\/wp-content\/uploads\/2024\/05\/WhatsApp-Image-2024-05-20-at-09.37.49-212x300.jpeg 212w, https:\/\/cultura.sma.gob.ar\/wp-content\/uploads\/2024\/05\/WhatsApp-Image-2024-05-20-at-09.37.49-768x1086.jpeg 768w, https:\/\/cultura.sma.gob.ar\/wp-content\/uploads\/2024\/05\/WhatsApp-Image-2024-05-20-at-09.37.49-1087x1536.jpeg 1087w, https:\/\/cultura.sma.gob.ar\/wp-content\/uploads\/2024\/05\/WhatsApp-Image-2024-05-20-at-09.37.49-1449x2048.jpeg 1449w, https:\/\/cultura.sma.gob.ar\/wp-content\/uploads\/2024\/05\/WhatsApp-Image-2024-05-20-at-09.37.49-64x90.jpeg 64w, https:\/\/cultura.sma.gob.ar\/wp-content\/uploads\/2024\/05\/WhatsApp-Image-2024-05-20-at-09.37.49.jpeg 1811w\" sizes=\"auto, (max-width: 724px) 100vw, 724px\" \/><\/figure>\n\n\n\n<p>Proponemos un espacio y\u00a0un tiempo dedicados a la creaci\u00f3n, la exploraci\u00f3n y el entrenamiento en propuestas de arte multidisciplinario. <\/p>\n\n\n\n<p>Los martes de 18.30 a 20.30 en el teatro San Jos\u00e9. INICIA ESTE MARTES 21 DE MAYO.<\/p>\n\n\n\n<p>Dictan Juan Cruz &#8211; Lola &#8211; Nephi &#8211; Caco<\/p>\n\n\n\n<p>Valor: un cafecito por clase<\/p>\n","protected":false},"excerpt":{"rendered":"<p>Proponemos un espacio y\u00a0un tiempo dedicados a la creaci\u00f3n, la exploraci\u00f3n y el entrenamiento en propuestas de arte multidisciplinario. Los martes de 18.30 a 20.30 en el teatro San Jos\u00e9. INICIA ESTE MARTES 21 DE MAYO. Dictan Juan Cruz &#8211; Lola &#8211; Nephi &#8211; Caco Valor: un cafecito por clase <a href=\"https:\/\/cultura.sma.gob.ar\/?p=5735\" class=\"more-link\">Continue reading <span class=\"screen-reader-text\">Cartelera San Jos\u00e9: Encuentros de experimentaci\u00f3n y entrenamiento<\/span><\/a><\/p>\n","protected":false},"author":1,"featured_media":292,"comment_status":"closed","ping_status":"","sticky":false,"template":"","format":"image","meta":{"footnotes":""},"categories":[8,9],"tags":[],"class_list":["post-5735","post","type-post","status-publish","format-image","has-post-thumbnail","hentry","category-teatro-san-jose","category-ultimas-noticias","post_format-post-format-image"],"_links":{"self":[{"href":"https:\/\/cultura.sma.gob.ar\/index.php?rest_route=\/wp\/v2\/posts\/5735","targetHints":{"allow":["GET"]}}],"collection":[{"href":"https:\/\/cultura.sma.gob.ar\/index.php?rest_route=\/wp\/v2\/posts"}],"about":[{"href":"https:\/\/cultura.sma.gob.ar\/index.php?rest_route=\/wp\/v2\/types\/post"}],"author":[{"embeddable":true,"href":"https:\/\/cultura.sma.gob.ar\/index.php?rest_route=\/wp\/v2\/users\/1"}],"replies":[{"embeddable":true,"href":"https:\/\/cultura.sma.gob.ar\/index.php?rest_route=%2Fwp%2Fv2%2Fcomments&post=5735"}],"version-history":[{"count":1,"href":"https:\/\/cultura.sma.gob.ar\/index.php?rest_route=\/wp\/v2\/posts\/5735\/revisions"}],"predecessor-version":[{"id":5737,"href":"https:\/\/cultura.sma.gob.ar\/index.php?rest_route=\/wp\/v2\/posts\/5735\/revisions\/5737"}],"wp:featuredmedia":[{"embeddable":true,"href":"https:\/\/cultura.sma.gob.ar\/index.php?rest_route=\/wp\/v2\/media\/292"}],"wp:attachment":[{"href":"https:\/\/cultura.sma.gob.ar\/index.php?rest_route=%2Fwp%2Fv2%2Fmedia&parent=5735"}],"wp:term":[{"taxonomy":"category","embeddable":true,"href":"https:\/\/cultura.sma.gob.ar\/index.php?rest_route=%2Fwp%2Fv2%2Fcategories&post=5735"},{"taxonomy":"post_tag","embeddable":true,"href":"https:\/\/cultura.sma.gob.ar\/index.php?rest_route=%2Fwp%2Fv2%2Ftags&post=5735"}],"curies":[{"name":"wp","href":"https:\/\/api.w.org\/{rel}","templated":true}]}}