{"id":5729,"date":"2024-05-16T10:19:03","date_gmt":"2024-05-16T13:19:03","guid":{"rendered":"http:\/\/cultura.sma.gob.ar\/?p=5729"},"modified":"2024-05-16T10:19:03","modified_gmt":"2024-05-16T13:19:03","slug":"convocatoria-para-cubrir-cargos-de-docente-de-violin-y-violonchelo-en-la-orquesta-escuela-de-los-andes","status":"publish","type":"post","link":"https:\/\/cultura.sma.gob.ar\/?p=5729","title":{"rendered":"Convocatoria para cubrir cargos de docente de viol\u00edn y violonchelo en la Orquesta Escuela de los Andes"},"content":{"rendered":"\n<p>La Secretar\u00eda de Cultura de San Mart\u00edn de los Andes convoca a la presentaci\u00f3n de antecedentes para cubrir 1 (una) vacante de docente de viol\u00edn y 2 (dos) vacantes de docente de violonchelo en la Orquesta Municipal Escuela de los Andes.\u00a0<\/p>\n\n\n\n<p>El cargo de docente de viol\u00edn tendr\u00e1 una carga horaria de 15 horas c\u00e1tedra semanales, mientras que, en el caso de los cargos de docente de violonchelo, uno tendr\u00e1 una carga horaria de 15 horas c\u00e1tedra semanales y el otro una carga horaria de 8 horas c\u00e1tedra semanales.<\/p>\n\n\n\n<figure class=\"wp-block-image size-large\"><img loading=\"lazy\" decoding=\"async\" width=\"1020\" height=\"1024\" src=\"https:\/\/cultura.sma.gob.ar\/wp-content\/uploads\/2024\/05\/WhatsApp-Image-2024-05-16-at-10.17.47-AM-1020x1024.jpeg\" alt=\"\" class=\"wp-image-5730\" srcset=\"https:\/\/cultura.sma.gob.ar\/wp-content\/uploads\/2024\/05\/WhatsApp-Image-2024-05-16-at-10.17.47-AM-1020x1024.jpeg 1020w, https:\/\/cultura.sma.gob.ar\/wp-content\/uploads\/2024\/05\/WhatsApp-Image-2024-05-16-at-10.17.47-AM-300x300.jpeg 300w, https:\/\/cultura.sma.gob.ar\/wp-content\/uploads\/2024\/05\/WhatsApp-Image-2024-05-16-at-10.17.47-AM-150x150.jpeg 150w, https:\/\/cultura.sma.gob.ar\/wp-content\/uploads\/2024\/05\/WhatsApp-Image-2024-05-16-at-10.17.47-AM-768x771.jpeg 768w, https:\/\/cultura.sma.gob.ar\/wp-content\/uploads\/2024\/05\/WhatsApp-Image-2024-05-16-at-10.17.47-AM-90x90.jpeg 90w, https:\/\/cultura.sma.gob.ar\/wp-content\/uploads\/2024\/05\/WhatsApp-Image-2024-05-16-at-10.17.47-AM.jpeg 1074w\" sizes=\"auto, (max-width: 1020px) 100vw, 1020px\" \/><\/figure>\n\n\n\n<p><strong>REQUISITOS:<\/strong><\/p>\n\n\n\n<ul class=\"wp-block-list\"><li>Ser docente de Viol\u00edn y\/o m\u00fasico violinista, o ser docente de Violonchelo y\/o m\u00fasico chelista.<\/li><li>Manejo de grupos.<\/li><li>Experiencia laboral en programas sociales.<\/li><\/ul>\n\n\n\n<p><strong>CONSIDERACIONES:<\/strong><\/p>\n\n\n\n<ul class=\"wp-block-list\"><li>Se valorar\u00e1 a las personas que hayan tenido alg\u00fan tipo de recorrido en alguna orquesta escuela, ya sea como instrumentistas o docente.<\/li><li>Se priorizar\u00e1 a los j\u00f3venes que hayan realizado su trayecto de formaci\u00f3n en la Orquesta Escuela de los Andes, ya que la multiplicaci\u00f3n de la experiencia forma parte de los objetivos del proyecto.<\/li><\/ul>\n\n\n\n<p><strong>PROCEDIMIENTO:<\/strong><\/p>\n\n\n\n<p>El Concurso ser\u00e1 de antecedentes y oposici\u00f3n, y consta de cuatro instancias:<\/p>\n\n\n\n<ol class=\"wp-block-list\"><li>Presentaci\u00f3n de antecedentes y CV en la Secretar\u00eda Municipal de Cultura (Drury 665), <strong>desde el 20 al 29 de mayo de 2024<\/strong>, con una nota indicando la postulaci\u00f3n al cargo de docente de Viol\u00edn o al cargo de docente de Violonchelo de la Orquesta Escuela de los Andes.<\/li><li>Audici\u00f3n del postulante tocando una obra en el instrumento.<\/li><li>Una entrevista con la comisi\u00f3n evaluadora compuesta por: un representante del Programa Provincial de Orquestas, un representante de la Secretar\u00eda de Cultura de la Municipalidad de San Mart\u00edn de los Andes y un representante de la Orquesta Escuela de los Andes atendiendo a la integridad del proyecto educativo musical y social que tiene la orquesta.<\/li><li>Presentaci\u00f3n de propuesta de una clase para evaluar el desempe\u00f1o pedag\u00f3gico.<\/li><\/ol>\n\n\n\n<p>Las instancias 2, 3 y 4 se realizar\u00e1n el viernes 31 de mayo, desde las 16 hs en el Teatro San Jos\u00e9.<\/p>\n","protected":false},"excerpt":{"rendered":"<p>La Secretar\u00eda de Cultura de San Mart\u00edn de los Andes convoca a la presentaci\u00f3n de antecedentes para cubrir 1 (una) vacante de docente de viol\u00edn y 2 (dos) vacantes de docente de violonchelo en la Orquesta Municipal Escuela de los Andes.\u00a0 El cargo de docente de viol\u00edn tendr\u00e1 una carga horaria de 15 horas c\u00e1tedra semanales, mientras que, en el caso de los cargos de &hellip; <a href=\"https:\/\/cultura.sma.gob.ar\/?p=5729\" class=\"more-link\">Continue reading <span class=\"screen-reader-text\">Convocatoria para cubrir cargos de docente de viol\u00edn y violonchelo en la Orquesta Escuela de los Andes<\/span><\/a><\/p>\n","protected":false},"author":1,"featured_media":293,"comment_status":"closed","ping_status":"","sticky":false,"template":"","format":"image","meta":{"footnotes":""},"categories":[9],"tags":[],"class_list":["post-5729","post","type-post","status-publish","format-image","has-post-thumbnail","hentry","category-ultimas-noticias","post_format-post-format-image"],"_links":{"self":[{"href":"https:\/\/cultura.sma.gob.ar\/index.php?rest_route=\/wp\/v2\/posts\/5729","targetHints":{"allow":["GET"]}}],"collection":[{"href":"https:\/\/cultura.sma.gob.ar\/index.php?rest_route=\/wp\/v2\/posts"}],"about":[{"href":"https:\/\/cultura.sma.gob.ar\/index.php?rest_route=\/wp\/v2\/types\/post"}],"author":[{"embeddable":true,"href":"https:\/\/cultura.sma.gob.ar\/index.php?rest_route=\/wp\/v2\/users\/1"}],"replies":[{"embeddable":true,"href":"https:\/\/cultura.sma.gob.ar\/index.php?rest_route=%2Fwp%2Fv2%2Fcomments&post=5729"}],"version-history":[{"count":1,"href":"https:\/\/cultura.sma.gob.ar\/index.php?rest_route=\/wp\/v2\/posts\/5729\/revisions"}],"predecessor-version":[{"id":5731,"href":"https:\/\/cultura.sma.gob.ar\/index.php?rest_route=\/wp\/v2\/posts\/5729\/revisions\/5731"}],"wp:featuredmedia":[{"embeddable":true,"href":"https:\/\/cultura.sma.gob.ar\/index.php?rest_route=\/wp\/v2\/media\/293"}],"wp:attachment":[{"href":"https:\/\/cultura.sma.gob.ar\/index.php?rest_route=%2Fwp%2Fv2%2Fmedia&parent=5729"}],"wp:term":[{"taxonomy":"category","embeddable":true,"href":"https:\/\/cultura.sma.gob.ar\/index.php?rest_route=%2Fwp%2Fv2%2Fcategories&post=5729"},{"taxonomy":"post_tag","embeddable":true,"href":"https:\/\/cultura.sma.gob.ar\/index.php?rest_route=%2Fwp%2Fv2%2Ftags&post=5729"}],"curies":[{"name":"wp","href":"https:\/\/api.w.org\/{rel}","templated":true}]}}