{"id":5723,"date":"2024-05-15T10:09:30","date_gmt":"2024-05-15T13:09:30","guid":{"rendered":"http:\/\/cultura.sma.gob.ar\/?p=5723"},"modified":"2024-05-15T10:09:30","modified_gmt":"2024-05-15T13:09:30","slug":"convocatoria-para-conformar-la-comision-organizadora-de-la-18feria-regional-del-libro","status":"publish","type":"post","link":"https:\/\/cultura.sma.gob.ar\/?p=5723","title":{"rendered":"Convocatoria para conformar la Comisi\u00f3n Organizadora de la 18\u00b0Feria Regional del Libro"},"content":{"rendered":"\n<figure class=\"wp-block-image size-large\"><img loading=\"lazy\" decoding=\"async\" width=\"1024\" height=\"684\" src=\"https:\/\/cultura.sma.gob.ar\/wp-content\/uploads\/2024\/05\/387838433_700862125405486_5042028284908698794_n-1024x684.jpg\" alt=\"\" class=\"wp-image-5724\" srcset=\"https:\/\/cultura.sma.gob.ar\/wp-content\/uploads\/2024\/05\/387838433_700862125405486_5042028284908698794_n-1024x684.jpg 1024w, https:\/\/cultura.sma.gob.ar\/wp-content\/uploads\/2024\/05\/387838433_700862125405486_5042028284908698794_n-300x200.jpg 300w, https:\/\/cultura.sma.gob.ar\/wp-content\/uploads\/2024\/05\/387838433_700862125405486_5042028284908698794_n-768x513.jpg 768w, https:\/\/cultura.sma.gob.ar\/wp-content\/uploads\/2024\/05\/387838433_700862125405486_5042028284908698794_n-1536x1025.jpg 1536w, https:\/\/cultura.sma.gob.ar\/wp-content\/uploads\/2024\/05\/387838433_700862125405486_5042028284908698794_n-135x90.jpg 135w, https:\/\/cultura.sma.gob.ar\/wp-content\/uploads\/2024\/05\/387838433_700862125405486_5042028284908698794_n.jpg 2048w\" sizes=\"auto, (max-width: 1024px) 100vw, 1024px\" \/><\/figure>\n\n\n\n<p>La Secretar\u00eda de Cultura abre convocatoria\u00a0 para formar parte de la Comisi\u00f3n Organizadora de la pr\u00f3xima Feria del Libro a bibliotecas populares de la ciudad, el Centro Editor Municipal, librer\u00edas, libreros con otras modalidades de venta, las editoriales, el Profesorado de Lengua y Literatura del Instituto Superior de Formaci\u00f3n Docente N\u00ba 3, la biblioteca especializada del Parque Nacional Lan\u00edn, la Biblioteca Mario Gentili del AUSMA, las comunidades mapuche del ejido urbano y un representante de los escritores de la localidad.<\/p>\n\n\n\n<p>Las instituciones mencionadas deben designar a un representante y un suplente, para formalizar su participaci\u00f3n en la Comisi\u00f3n Organizadora, enviando un correo electr\u00f3nico a <a href=\"mailto:feriadellibro@smandes.gob.ar\">feriadellibro@smandes.gob.ar<\/a> hasta el 10 de junio.<\/p>\n\n\n\n<p>Representante de escritores:<\/p>\n\n\n\n<p>Los escritores y escritoras locales que quieran participar en la organizaci\u00f3n de la Feria del Libro 2024, <strong>deber\u00e1n enviar su postulaci\u00f3n a la Secretar\u00eda de Cultura, a partir de hoy y hasta el 10 de junio.<\/strong><\/p>\n\n\n\n<p>Para esto deber\u00e1n enviar un correo electr\u00f3nico a <a href=\"mailto:feriadellibro@smandes.gob.ar\">feriadellibro@smandes.gob.ar<\/a> , colocando en el asunto REPRESENTACI\u00d3N DE ESCRITORES EN FERIA DEL LIBRO, e incluir en el cuerpo del mail los siguientes datos:&nbsp;<\/p>\n\n\n\n<ul class=\"wp-block-list\"><li>Nombre y apellido<\/li><li>DNI&nbsp;<\/li><li>Cantidad de a\u00f1os que lleva residiendo en la ciudad<\/li><li>Libros publicados en los \u00faltimos 5 a\u00f1os, con su ISBN (los escritores y escritoras deben tener, como m\u00ednimo, un libro publicado en los \u00faltimos 5 a\u00f1os).&nbsp;<\/li><\/ul>\n\n\n\n<p>Una vez recibidas todas las postulaciones, se realizar\u00e1 un sorteo para determinar cu\u00e1l ser\u00e1 el representante de los escritores y escritoras locales en la Comisi\u00f3n Organizadora de esta edici\u00f3n 2024.&nbsp;<\/p>\n","protected":false},"excerpt":{"rendered":"<p>La Secretar\u00eda de Cultura abre convocatoria\u00a0 para formar parte de la Comisi\u00f3n Organizadora de la pr\u00f3xima Feria del Libro a bibliotecas populares de la ciudad, el Centro Editor Municipal, librer\u00edas, libreros con otras modalidades de venta, las editoriales, el Profesorado de Lengua y Literatura del Instituto Superior de Formaci\u00f3n Docente N\u00ba 3, la biblioteca especializada del Parque Nacional Lan\u00edn, la Biblioteca Mario Gentili del AUSMA, &hellip; <a href=\"https:\/\/cultura.sma.gob.ar\/?p=5723\" class=\"more-link\">Continue reading <span class=\"screen-reader-text\">Convocatoria para conformar la Comisi\u00f3n Organizadora de la 18\u00b0Feria Regional del Libro<\/span><\/a><\/p>\n","protected":false},"author":1,"featured_media":296,"comment_status":"closed","ping_status":"","sticky":false,"template":"","format":"image","meta":{"footnotes":""},"categories":[3,9],"tags":[],"class_list":["post-5723","post","type-post","status-publish","format-image","has-post-thumbnail","hentry","category-eventos-cultura","category-ultimas-noticias","post_format-post-format-image"],"_links":{"self":[{"href":"https:\/\/cultura.sma.gob.ar\/index.php?rest_route=\/wp\/v2\/posts\/5723","targetHints":{"allow":["GET"]}}],"collection":[{"href":"https:\/\/cultura.sma.gob.ar\/index.php?rest_route=\/wp\/v2\/posts"}],"about":[{"href":"https:\/\/cultura.sma.gob.ar\/index.php?rest_route=\/wp\/v2\/types\/post"}],"author":[{"embeddable":true,"href":"https:\/\/cultura.sma.gob.ar\/index.php?rest_route=\/wp\/v2\/users\/1"}],"replies":[{"embeddable":true,"href":"https:\/\/cultura.sma.gob.ar\/index.php?rest_route=%2Fwp%2Fv2%2Fcomments&post=5723"}],"version-history":[{"count":1,"href":"https:\/\/cultura.sma.gob.ar\/index.php?rest_route=\/wp\/v2\/posts\/5723\/revisions"}],"predecessor-version":[{"id":5725,"href":"https:\/\/cultura.sma.gob.ar\/index.php?rest_route=\/wp\/v2\/posts\/5723\/revisions\/5725"}],"wp:featuredmedia":[{"embeddable":true,"href":"https:\/\/cultura.sma.gob.ar\/index.php?rest_route=\/wp\/v2\/media\/296"}],"wp:attachment":[{"href":"https:\/\/cultura.sma.gob.ar\/index.php?rest_route=%2Fwp%2Fv2%2Fmedia&parent=5723"}],"wp:term":[{"taxonomy":"category","embeddable":true,"href":"https:\/\/cultura.sma.gob.ar\/index.php?rest_route=%2Fwp%2Fv2%2Fcategories&post=5723"},{"taxonomy":"post_tag","embeddable":true,"href":"https:\/\/cultura.sma.gob.ar\/index.php?rest_route=%2Fwp%2Fv2%2Ftags&post=5723"}],"curies":[{"name":"wp","href":"https:\/\/api.w.org\/{rel}","templated":true}]}}