{"id":5711,"date":"2024-05-13T12:55:45","date_gmt":"2024-05-13T15:55:45","guid":{"rendered":"http:\/\/cultura.sma.gob.ar\/?p=5711"},"modified":"2024-05-13T12:55:45","modified_gmt":"2024-05-13T15:55:45","slug":"don-amperio-musica-a-beneficio-del-teatro-san-jose","status":"publish","type":"post","link":"https:\/\/cultura.sma.gob.ar\/?p=5711","title":{"rendered":"Don Amperio: m\u00fasica a beneficio del Teatro San Jos\u00e9"},"content":{"rendered":"\n<figure class=\"wp-block-image size-large\"><img loading=\"lazy\" decoding=\"async\" width=\"500\" height=\"500\" src=\"https:\/\/cultura.sma.gob.ar\/wp-content\/uploads\/2024\/05\/DonAmperio_500x500.png\" alt=\"\" class=\"wp-image-5712\" srcset=\"https:\/\/cultura.sma.gob.ar\/wp-content\/uploads\/2024\/05\/DonAmperio_500x500.png 500w, https:\/\/cultura.sma.gob.ar\/wp-content\/uploads\/2024\/05\/DonAmperio_500x500-300x300.png 300w, https:\/\/cultura.sma.gob.ar\/wp-content\/uploads\/2024\/05\/DonAmperio_500x500-150x150.png 150w, https:\/\/cultura.sma.gob.ar\/wp-content\/uploads\/2024\/05\/DonAmperio_500x500-90x90.png 90w\" sizes=\"auto, (max-width: 500px) 100vw, 500px\" \/><\/figure>\n\n\n\n<p><em>Se presenta &#8220;Don Amperio&#8221; a beneficio del Teatro San Jos\u00e9.<br><br>Con un objetivo solidario se presenta en el Teatro San Jos\u00e9\u00a0el viernes 24 de mayo a las 20:30 hs., Fabi\u00e1n Dalessandro, Don Amperio, en formato solista y con una propuesta musical instrumental donde fusiona el blues, country y folklore desde su guitarra ac\u00fastica y el uso del slide para crear atm\u00f3sferas que nos remiten a paisajes y emociones.<br><br>El show tendr\u00e1 una duraci\u00f3n de 60 minutos donde recorrer\u00e1 su \u00faltimo trabajo discogr\u00e1fico que ya puede escucharse en plataformas online como Youtube y Spotify.<br><br>La entrada es a la gorra. Se sugiere estar 10 minutos antes de la funci\u00f3n, ingreso por orden de llegada hasta completar el aforo de 100 personas en la Sala Jorge Villalba.<\/em><\/p>\n\n\n\n<p>DON AMPERIO<\/p>\n\n\n\n<p>FUNCION: VIERNES 24 DE MAYO<\/p>\n\n\n\n<p>HORARIO: 20:30 hs.<\/p>\n\n\n\n<p>TEATRO SAN JOS\u00c9<\/p>\n\n\n\n<p>ENTRADA A LA GORRA A BENEFICIO DEL TEATRO SAN JOS\u00c9<\/p>\n","protected":false},"excerpt":{"rendered":"<p>Se presenta &#8220;Don Amperio&#8221; a beneficio del Teatro San Jos\u00e9. Con un objetivo solidario se presenta en el Teatro San Jos\u00e9\u00a0el viernes 24 de mayo a las 20:30 hs., Fabi\u00e1n Dalessandro, Don Amperio, en formato solista y con una propuesta musical instrumental donde fusiona el blues, country y folklore desde su guitarra ac\u00fastica y el uso del slide para crear atm\u00f3sferas que nos remiten a &hellip; <a href=\"https:\/\/cultura.sma.gob.ar\/?p=5711\" class=\"more-link\">Continue reading <span class=\"screen-reader-text\">Don Amperio: m\u00fasica a beneficio del Teatro San Jos\u00e9<\/span><\/a><\/p>\n","protected":false},"author":1,"featured_media":292,"comment_status":"closed","ping_status":"","sticky":false,"template":"","format":"image","meta":{"footnotes":""},"categories":[8,9],"tags":[],"class_list":["post-5711","post","type-post","status-publish","format-image","has-post-thumbnail","hentry","category-teatro-san-jose","category-ultimas-noticias","post_format-post-format-image"],"_links":{"self":[{"href":"https:\/\/cultura.sma.gob.ar\/index.php?rest_route=\/wp\/v2\/posts\/5711","targetHints":{"allow":["GET"]}}],"collection":[{"href":"https:\/\/cultura.sma.gob.ar\/index.php?rest_route=\/wp\/v2\/posts"}],"about":[{"href":"https:\/\/cultura.sma.gob.ar\/index.php?rest_route=\/wp\/v2\/types\/post"}],"author":[{"embeddable":true,"href":"https:\/\/cultura.sma.gob.ar\/index.php?rest_route=\/wp\/v2\/users\/1"}],"replies":[{"embeddable":true,"href":"https:\/\/cultura.sma.gob.ar\/index.php?rest_route=%2Fwp%2Fv2%2Fcomments&post=5711"}],"version-history":[{"count":1,"href":"https:\/\/cultura.sma.gob.ar\/index.php?rest_route=\/wp\/v2\/posts\/5711\/revisions"}],"predecessor-version":[{"id":5713,"href":"https:\/\/cultura.sma.gob.ar\/index.php?rest_route=\/wp\/v2\/posts\/5711\/revisions\/5713"}],"wp:featuredmedia":[{"embeddable":true,"href":"https:\/\/cultura.sma.gob.ar\/index.php?rest_route=\/wp\/v2\/media\/292"}],"wp:attachment":[{"href":"https:\/\/cultura.sma.gob.ar\/index.php?rest_route=%2Fwp%2Fv2%2Fmedia&parent=5711"}],"wp:term":[{"taxonomy":"category","embeddable":true,"href":"https:\/\/cultura.sma.gob.ar\/index.php?rest_route=%2Fwp%2Fv2%2Fcategories&post=5711"},{"taxonomy":"post_tag","embeddable":true,"href":"https:\/\/cultura.sma.gob.ar\/index.php?rest_route=%2Fwp%2Fv2%2Ftags&post=5711"}],"curies":[{"name":"wp","href":"https:\/\/api.w.org\/{rel}","templated":true}]}}