{"id":5706,"date":"2024-05-13T11:08:14","date_gmt":"2024-05-13T14:08:14","guid":{"rendered":"http:\/\/cultura.sma.gob.ar\/?p=5706"},"modified":"2024-05-13T12:10:56","modified_gmt":"2024-05-13T15:10:56","slug":"festival-de-titeres-entradas-disponibles-para-funciones-abiertas","status":"publish","type":"post","link":"https:\/\/cultura.sma.gob.ar\/?p=5706","title":{"rendered":"Festival de t\u00edteres: entradas disponibles para funciones abiertas"},"content":{"rendered":"\n<figure class=\"wp-block-image size-large\"><img loading=\"lazy\" decoding=\"async\" width=\"1024\" height=\"1024\" src=\"https:\/\/cultura.sma.gob.ar\/wp-content\/uploads\/2024\/05\/Cronograma_1x1-1-1024x1024.jpg\" alt=\"\" class=\"wp-image-5707\" srcset=\"https:\/\/cultura.sma.gob.ar\/wp-content\/uploads\/2024\/05\/Cronograma_1x1-1-1024x1024.jpg 1024w, https:\/\/cultura.sma.gob.ar\/wp-content\/uploads\/2024\/05\/Cronograma_1x1-1-300x300.jpg 300w, https:\/\/cultura.sma.gob.ar\/wp-content\/uploads\/2024\/05\/Cronograma_1x1-1-150x150.jpg 150w, https:\/\/cultura.sma.gob.ar\/wp-content\/uploads\/2024\/05\/Cronograma_1x1-1-768x768.jpg 768w, https:\/\/cultura.sma.gob.ar\/wp-content\/uploads\/2024\/05\/Cronograma_1x1-1-1536x1536.jpg 1536w, https:\/\/cultura.sma.gob.ar\/wp-content\/uploads\/2024\/05\/Cronograma_1x1-1-2048x2048.jpg 2048w, https:\/\/cultura.sma.gob.ar\/wp-content\/uploads\/2024\/05\/Cronograma_1x1-1-90x90.jpg 90w\" sizes=\"auto, (max-width: 1024px) 100vw, 1024px\" \/><\/figure>\n\n\n\n<p>Entre el 13 y 19 de mayo se realiza en nuestra ciudad el 16\u00ba Festival Internacional de T\u00edteres, que en esta oportunidad contar\u00e1 con compa\u00f1\u00edas provenientes de Chile, C\u00f3rdoba, Buenos Aires, Chubut y R\u00edo Negro.<\/p>\n\n\n\n<p>En nuestra ciudad el evento incluir\u00e1 45 funciones a desarrollarse en el Teatro San Jos\u00e9, el Centro Cultural Cotesma y Espacio Trama. Las funciones para escuelas y jardines ser\u00e1n un total de 40 y se brindar\u00e1n a lo largo de toda la semana. Cada una de estas funciones est\u00e1 destinada a un ciclo escolar espec\u00edfico.<\/p>\n\n\n\n<p><strong>Adem\u00e1s, el s\u00e1bado 18 y domingo 19 habr\u00e1 funciones abiertas para todo p\u00fablico, en el Teatro San Jos\u00e9. Las entradas se podr\u00e1n conseguir desde este martes 14 y hasta el viernes, de 8:30 a 16hs, en la boleter\u00eda del teatro. Luego, el mismo s\u00e1bado y domingo, se entregar\u00e1n una hora antes de cada funci\u00f3n. El bono contribuci\u00f3n ser\u00e1 de $1000.<\/strong><\/p>\n\n\n\n<p>El 16\u00b0 Festival Internacional de T\u00edteres se realiza con el apoyo y la participaci\u00f3n del Complejo Casa de las Leyes, dependiente de la Legislatura de la Provincia del Neuqu\u00e9n. Su organizaci\u00f3n est\u00e1 a cargo de la Secretar\u00eda de Cultura de nuestra ciudad y del grupo La Pelela T\u00edteres. Y este a\u00f1o se suma a la propuesta la Secretar\u00eda de las Culturas de Municipio de Jun\u00edn de los Andes, donde se realizar\u00e1n 18 funciones.<\/p>\n","protected":false},"excerpt":{"rendered":"<p>Entre el 13 y 19 de mayo se realiza en nuestra ciudad el 16\u00ba Festival Internacional de T\u00edteres, que en esta oportunidad contar\u00e1 con compa\u00f1\u00edas provenientes de Chile, C\u00f3rdoba, Buenos Aires, Chubut y R\u00edo Negro. En nuestra ciudad el evento incluir\u00e1 45 funciones a desarrollarse en el Teatro San Jos\u00e9, el Centro Cultural Cotesma y Espacio Trama. Las funciones para escuelas y jardines ser\u00e1n un &hellip; <a href=\"https:\/\/cultura.sma.gob.ar\/?p=5706\" class=\"more-link\">Continue reading <span class=\"screen-reader-text\">Festival de t\u00edteres: entradas disponibles para funciones abiertas<\/span><\/a><\/p>\n","protected":false},"author":1,"featured_media":296,"comment_status":"closed","ping_status":"","sticky":false,"template":"","format":"image","meta":{"footnotes":""},"categories":[3,9],"tags":[],"class_list":["post-5706","post","type-post","status-publish","format-image","has-post-thumbnail","hentry","category-eventos-cultura","category-ultimas-noticias","post_format-post-format-image"],"_links":{"self":[{"href":"https:\/\/cultura.sma.gob.ar\/index.php?rest_route=\/wp\/v2\/posts\/5706","targetHints":{"allow":["GET"]}}],"collection":[{"href":"https:\/\/cultura.sma.gob.ar\/index.php?rest_route=\/wp\/v2\/posts"}],"about":[{"href":"https:\/\/cultura.sma.gob.ar\/index.php?rest_route=\/wp\/v2\/types\/post"}],"author":[{"embeddable":true,"href":"https:\/\/cultura.sma.gob.ar\/index.php?rest_route=\/wp\/v2\/users\/1"}],"replies":[{"embeddable":true,"href":"https:\/\/cultura.sma.gob.ar\/index.php?rest_route=%2Fwp%2Fv2%2Fcomments&post=5706"}],"version-history":[{"count":2,"href":"https:\/\/cultura.sma.gob.ar\/index.php?rest_route=\/wp\/v2\/posts\/5706\/revisions"}],"predecessor-version":[{"id":5710,"href":"https:\/\/cultura.sma.gob.ar\/index.php?rest_route=\/wp\/v2\/posts\/5706\/revisions\/5710"}],"wp:featuredmedia":[{"embeddable":true,"href":"https:\/\/cultura.sma.gob.ar\/index.php?rest_route=\/wp\/v2\/media\/296"}],"wp:attachment":[{"href":"https:\/\/cultura.sma.gob.ar\/index.php?rest_route=%2Fwp%2Fv2%2Fmedia&parent=5706"}],"wp:term":[{"taxonomy":"category","embeddable":true,"href":"https:\/\/cultura.sma.gob.ar\/index.php?rest_route=%2Fwp%2Fv2%2Fcategories&post=5706"},{"taxonomy":"post_tag","embeddable":true,"href":"https:\/\/cultura.sma.gob.ar\/index.php?rest_route=%2Fwp%2Fv2%2Ftags&post=5706"}],"curies":[{"name":"wp","href":"https:\/\/api.w.org\/{rel}","templated":true}]}}