{"id":5694,"date":"2024-05-10T17:23:29","date_gmt":"2024-05-10T20:23:29","guid":{"rendered":"http:\/\/cultura.sma.gob.ar\/?p=5694"},"modified":"2024-05-14T16:48:35","modified_gmt":"2024-05-14T19:48:35","slug":"encuentros-con-artistas-en-la-sala-chapitel","status":"publish","type":"post","link":"https:\/\/cultura.sma.gob.ar\/?p=5694","title":{"rendered":"Encuentros con artistas en la Sala Chapitel"},"content":{"rendered":"\n<p>En el marco de la expo &#8220;Fot\u00f3grafas de San Mart\u00edn de los Andes&#8221;, que se encuentra abierta desde el 3 al 22 de mayo de 2024, se ofrecen las siguientes actividades especiales:<\/p>\n\n\n\n<figure class=\"wp-block-image size-large\"><img loading=\"lazy\" decoding=\"async\" width=\"1022\" height=\"1024\" src=\"https:\/\/cultura.sma.gob.ar\/wp-content\/uploads\/2024\/05\/SMA-LC2-1022x1024.jpg\" alt=\"\" class=\"wp-image-5695\" srcset=\"https:\/\/cultura.sma.gob.ar\/wp-content\/uploads\/2024\/05\/SMA-LC2-1022x1024.jpg 1022w, https:\/\/cultura.sma.gob.ar\/wp-content\/uploads\/2024\/05\/SMA-LC2-300x300.jpg 300w, https:\/\/cultura.sma.gob.ar\/wp-content\/uploads\/2024\/05\/SMA-LC2-150x150.jpg 150w, https:\/\/cultura.sma.gob.ar\/wp-content\/uploads\/2024\/05\/SMA-LC2-768x770.jpg 768w, https:\/\/cultura.sma.gob.ar\/wp-content\/uploads\/2024\/05\/SMA-LC2-1533x1536.jpg 1533w, https:\/\/cultura.sma.gob.ar\/wp-content\/uploads\/2024\/05\/SMA-LC2-2043x2048.jpg 2043w, https:\/\/cultura.sma.gob.ar\/wp-content\/uploads\/2024\/05\/SMA-LC2-90x90.jpg 90w\" sizes=\"auto, (max-width: 1022px) 100vw, 1022px\" \/><\/figure>\n\n\n\n<p><strong>Chaby Linares REFLEJOS<\/strong><br>Lunes 13 de mayo, 18 hs.<br><br>La cita nos reune en torno al proceso creativo y la pr\u00e1ctica art\u00edstica de la<br>fot\u00f3grafa. Un acercamiento al desarrollo de la obra que forma parte de la<br>muestra FOT\u00d3GRAFAS de San Mart\u00edn de los Andes.<\/p>\n\n\n\n<figure class=\"wp-block-image size-large\"><img loading=\"lazy\" decoding=\"async\" width=\"1022\" height=\"1024\" src=\"https:\/\/cultura.sma.gob.ar\/wp-content\/uploads\/2024\/05\/SMA-LC1-1022x1024.jpg\" alt=\"\" class=\"wp-image-5696\" srcset=\"https:\/\/cultura.sma.gob.ar\/wp-content\/uploads\/2024\/05\/SMA-LC1-1022x1024.jpg 1022w, https:\/\/cultura.sma.gob.ar\/wp-content\/uploads\/2024\/05\/SMA-LC1-300x300.jpg 300w, https:\/\/cultura.sma.gob.ar\/wp-content\/uploads\/2024\/05\/SMA-LC1-150x150.jpg 150w, https:\/\/cultura.sma.gob.ar\/wp-content\/uploads\/2024\/05\/SMA-LC1-768x770.jpg 768w, https:\/\/cultura.sma.gob.ar\/wp-content\/uploads\/2024\/05\/SMA-LC1-1533x1536.jpg 1533w, https:\/\/cultura.sma.gob.ar\/wp-content\/uploads\/2024\/05\/SMA-LC1-2043x2048.jpg 2043w, https:\/\/cultura.sma.gob.ar\/wp-content\/uploads\/2024\/05\/SMA-LC1-90x90.jpg 90w\" sizes=\"auto, (max-width: 1022px) 100vw, 1022px\" \/><\/figure>\n\n\n\n<p><strong>Georgina Salas WITRAPAI\u00d1 \/ ESTAMOS DE PIE<\/strong><br>Martes 14 de mayo, 18 hs.<br><br>La obra constituye el trabajo de m\u00e1s de dos a\u00f1os de la artista junto con<br>mujeres tejedoras de San Mart\u00edn de Los Andes y la zona. El proyecto llamado<br>Hilando Luz, la historia de Rosa Cay\u00fan, nos permite compartir en instant\u00e1neas,<br>momentos de su cotidiano y su lucha como mujer de la comunidad.<\/p>\n\n\n\n<figure class=\"wp-block-image size-large\"><img loading=\"lazy\" decoding=\"async\" width=\"631\" height=\"615\" src=\"http:\/\/cultura.sma.gob.ar\/wp-content\/uploads\/2024\/05\/Screenshot-2024-05-14-16.46.58.png\" alt=\"\" class=\"wp-image-5721\" srcset=\"https:\/\/cultura.sma.gob.ar\/wp-content\/uploads\/2024\/05\/Screenshot-2024-05-14-16.46.58.png 631w, https:\/\/cultura.sma.gob.ar\/wp-content\/uploads\/2024\/05\/Screenshot-2024-05-14-16.46.58-300x292.png 300w, https:\/\/cultura.sma.gob.ar\/wp-content\/uploads\/2024\/05\/Screenshot-2024-05-14-16.46.58-92x90.png 92w\" sizes=\"auto, (max-width: 631px) 100vw, 631px\" \/><\/figure>\n\n\n\n<p><strong>Toshiro Quintana JU Y TOSHI MINICONCIERTRANS y CHARLA-DEBATE<\/strong><br>Viernes 17 de mayo, 18 hs.<\/p>\n\n\n\n<figure class=\"wp-block-image size-large\"><img loading=\"lazy\" decoding=\"async\" width=\"1022\" height=\"1024\" src=\"https:\/\/cultura.sma.gob.ar\/wp-content\/uploads\/2024\/05\/SMA-LC3-1-1022x1024.jpg\" alt=\"\" class=\"wp-image-5700\" srcset=\"https:\/\/cultura.sma.gob.ar\/wp-content\/uploads\/2024\/05\/SMA-LC3-1-1022x1024.jpg 1022w, https:\/\/cultura.sma.gob.ar\/wp-content\/uploads\/2024\/05\/SMA-LC3-1-300x300.jpg 300w, https:\/\/cultura.sma.gob.ar\/wp-content\/uploads\/2024\/05\/SMA-LC3-1-150x150.jpg 150w, https:\/\/cultura.sma.gob.ar\/wp-content\/uploads\/2024\/05\/SMA-LC3-1-768x770.jpg 768w, https:\/\/cultura.sma.gob.ar\/wp-content\/uploads\/2024\/05\/SMA-LC3-1-1533x1536.jpg 1533w, https:\/\/cultura.sma.gob.ar\/wp-content\/uploads\/2024\/05\/SMA-LC3-1-2043x2048.jpg 2043w, https:\/\/cultura.sma.gob.ar\/wp-content\/uploads\/2024\/05\/SMA-LC3-1-90x90.jpg 90w\" sizes=\"auto, (max-width: 1022px) 100vw, 1022px\" \/><\/figure>\n\n\n\n<p> <strong>Melisa Fort TODO LO QUE DEJAMOS EN EL FUEGO<\/strong>. <br>Martes 21 de mayo, 18 hs. <\/p>\n\n\n\n<p>La actividad nos permite conocer mejor el trabajo de la artista, sus lazos con el video arte, la perfomance y su pr\u00e1ctica art\u00edstica a trav\u00e9s de la obra que forma parte de la muestra colectiva.<\/p>\n\n\n\n<figure class=\"wp-block-image size-large\"><img loading=\"lazy\" decoding=\"async\" width=\"1022\" height=\"1024\" src=\"https:\/\/cultura.sma.gob.ar\/wp-content\/uploads\/2024\/05\/SMA-LC4-1-1022x1024.jpg\" alt=\"\" class=\"wp-image-5701\" srcset=\"https:\/\/cultura.sma.gob.ar\/wp-content\/uploads\/2024\/05\/SMA-LC4-1-1022x1024.jpg 1022w, https:\/\/cultura.sma.gob.ar\/wp-content\/uploads\/2024\/05\/SMA-LC4-1-300x300.jpg 300w, https:\/\/cultura.sma.gob.ar\/wp-content\/uploads\/2024\/05\/SMA-LC4-1-150x150.jpg 150w, https:\/\/cultura.sma.gob.ar\/wp-content\/uploads\/2024\/05\/SMA-LC4-1-768x770.jpg 768w, https:\/\/cultura.sma.gob.ar\/wp-content\/uploads\/2024\/05\/SMA-LC4-1-1533x1536.jpg 1533w, https:\/\/cultura.sma.gob.ar\/wp-content\/uploads\/2024\/05\/SMA-LC4-1-2043x2048.jpg 2043w, https:\/\/cultura.sma.gob.ar\/wp-content\/uploads\/2024\/05\/SMA-LC4-1-90x90.jpg 90w\" sizes=\"auto, (max-width: 1022px) 100vw, 1022px\" \/><\/figure>\n\n\n\n<p><strong> CARLOTA THUMANN por Marcelo Gobbo.<\/strong> Lunes 20 de mayo, 18 hs. Entrada abierta y gratuita.<\/p>\n\n\n\n<p>Fot\u00f3grafa pionera que con especial sensibilidad se transform\u00f3 en una referente patag\u00f3nica. Sus im\u00e1genes nos dejan un valioso registro de San Mart\u00edn de los Andes y dan cuenta de la mirada femenina sobre la sociedad y la vida de aquellos a\u00f1os.<\/p>\n\n\n\n<figure class=\"wp-block-image size-large\"><img loading=\"lazy\" decoding=\"async\" width=\"1022\" height=\"1024\" src=\"http:\/\/cultura.sma.gob.ar\/wp-content\/uploads\/2024\/05\/SME56A1-1022x1024.jpg\" alt=\"\" class=\"wp-image-5720\" srcset=\"https:\/\/cultura.sma.gob.ar\/wp-content\/uploads\/2024\/05\/SME56A1-1022x1024.jpg 1022w, https:\/\/cultura.sma.gob.ar\/wp-content\/uploads\/2024\/05\/SME56A1-300x300.jpg 300w, https:\/\/cultura.sma.gob.ar\/wp-content\/uploads\/2024\/05\/SME56A1-150x150.jpg 150w, https:\/\/cultura.sma.gob.ar\/wp-content\/uploads\/2024\/05\/SME56A1-768x770.jpg 768w, https:\/\/cultura.sma.gob.ar\/wp-content\/uploads\/2024\/05\/SME56A1-1533x1536.jpg 1533w, https:\/\/cultura.sma.gob.ar\/wp-content\/uploads\/2024\/05\/SME56A1-2043x2048.jpg 2043w, https:\/\/cultura.sma.gob.ar\/wp-content\/uploads\/2024\/05\/SME56A1-90x90.jpg 90w\" sizes=\"auto, (max-width: 1022px) 100vw, 1022px\" \/><\/figure>\n\n\n\n<p><strong>Alejandra Arce\u00a0AMPLIARME (pandemia)<\/strong> &#8211; S\u00e1bado 18 de mayo, 18 hs.<\/p>\n\n\n\n<p>La fot\u00f3grafa, junto con Ver\u00f3nica Arce plantean la cuesti\u00f3n de la creaci\u00f3n de la serie fotogr\u00e1fica, la correspondencia de las im\u00e1genes, la cohesi\u00f3n tem\u00e1tica y el trabajo de edici\u00f3n en la construcci\u00f3n del formato \u201cserie fotogr\u00e0fica&#8221;.<\/p>\n\n\n\n<p>Todas las propuestas son con entrada libre y gratuita. Sala abierta de lunes a viernes de 10 a 12 y de 16 a 20 hs. S\u00e1bados de 15 a 19.<\/p>\n","protected":false},"excerpt":{"rendered":"<p>En el marco de la expo &#8220;Fot\u00f3grafas de San Mart\u00edn de los Andes&#8221;, que se encuentra abierta desde el 3 al 22 de mayo de 2024, se ofrecen las siguientes actividades especiales: Chaby Linares REFLEJOSLunes 13 de mayo, 18 hs. La cita nos reune en torno al proceso creativo y la pr\u00e1ctica art\u00edstica de lafot\u00f3grafa. Un acercamiento al desarrollo de la obra que forma parte &hellip; <a href=\"https:\/\/cultura.sma.gob.ar\/?p=5694\" class=\"more-link\">Continue reading <span class=\"screen-reader-text\">Encuentros con artistas en la Sala Chapitel<\/span><\/a><\/p>\n","protected":false},"author":1,"featured_media":295,"comment_status":"closed","ping_status":"","sticky":false,"template":"","format":"image","meta":{"footnotes":""},"categories":[6,9],"tags":[],"class_list":["post-5694","post","type-post","status-publish","format-image","has-post-thumbnail","hentry","category-sala-lidaura-chapitel","category-ultimas-noticias","post_format-post-format-image"],"_links":{"self":[{"href":"https:\/\/cultura.sma.gob.ar\/index.php?rest_route=\/wp\/v2\/posts\/5694","targetHints":{"allow":["GET"]}}],"collection":[{"href":"https:\/\/cultura.sma.gob.ar\/index.php?rest_route=\/wp\/v2\/posts"}],"about":[{"href":"https:\/\/cultura.sma.gob.ar\/index.php?rest_route=\/wp\/v2\/types\/post"}],"author":[{"embeddable":true,"href":"https:\/\/cultura.sma.gob.ar\/index.php?rest_route=\/wp\/v2\/users\/1"}],"replies":[{"embeddable":true,"href":"https:\/\/cultura.sma.gob.ar\/index.php?rest_route=%2Fwp%2Fv2%2Fcomments&post=5694"}],"version-history":[{"count":2,"href":"https:\/\/cultura.sma.gob.ar\/index.php?rest_route=\/wp\/v2\/posts\/5694\/revisions"}],"predecessor-version":[{"id":5722,"href":"https:\/\/cultura.sma.gob.ar\/index.php?rest_route=\/wp\/v2\/posts\/5694\/revisions\/5722"}],"wp:featuredmedia":[{"embeddable":true,"href":"https:\/\/cultura.sma.gob.ar\/index.php?rest_route=\/wp\/v2\/media\/295"}],"wp:attachment":[{"href":"https:\/\/cultura.sma.gob.ar\/index.php?rest_route=%2Fwp%2Fv2%2Fmedia&parent=5694"}],"wp:term":[{"taxonomy":"category","embeddable":true,"href":"https:\/\/cultura.sma.gob.ar\/index.php?rest_route=%2Fwp%2Fv2%2Fcategories&post=5694"},{"taxonomy":"post_tag","embeddable":true,"href":"https:\/\/cultura.sma.gob.ar\/index.php?rest_route=%2Fwp%2Fv2%2Ftags&post=5694"}],"curies":[{"name":"wp","href":"https:\/\/api.w.org\/{rel}","templated":true}]}}