{"id":5690,"date":"2024-05-09T16:22:51","date_gmt":"2024-05-09T19:22:51","guid":{"rendered":"http:\/\/cultura.sma.gob.ar\/?p=5690"},"modified":"2024-05-09T16:22:51","modified_gmt":"2024-05-09T19:22:51","slug":"este-martes-14-habra-funciones-del-festival-de-titeres-para-familias","status":"publish","type":"post","link":"https:\/\/cultura.sma.gob.ar\/?p=5690","title":{"rendered":"ESTE MARTES 14 HABR\u00c1 FUNCIONES DEL FESTIVAL DE T\u00cdTERES PARA FAMILIAS"},"content":{"rendered":"\n<figure class=\"wp-block-image size-large\"><img loading=\"lazy\" decoding=\"async\" width=\"819\" height=\"1024\" src=\"https:\/\/cultura.sma.gob.ar\/wp-content\/uploads\/2024\/05\/WhatsApp-Image-2024-05-09-at-4.21.29-PM-819x1024.jpeg\" alt=\"\" class=\"wp-image-5691\" srcset=\"https:\/\/cultura.sma.gob.ar\/wp-content\/uploads\/2024\/05\/WhatsApp-Image-2024-05-09-at-4.21.29-PM-819x1024.jpeg 819w, https:\/\/cultura.sma.gob.ar\/wp-content\/uploads\/2024\/05\/WhatsApp-Image-2024-05-09-at-4.21.29-PM-240x300.jpeg 240w, https:\/\/cultura.sma.gob.ar\/wp-content\/uploads\/2024\/05\/WhatsApp-Image-2024-05-09-at-4.21.29-PM-768x960.jpeg 768w, https:\/\/cultura.sma.gob.ar\/wp-content\/uploads\/2024\/05\/WhatsApp-Image-2024-05-09-at-4.21.29-PM-72x90.jpeg 72w, https:\/\/cultura.sma.gob.ar\/wp-content\/uploads\/2024\/05\/WhatsApp-Image-2024-05-09-at-4.21.29-PM.jpeg 1024w\" sizes=\"auto, (max-width: 819px) 100vw, 819px\" \/><\/figure>\n\n\n\n<p>El pr\u00f3ximo martes 14 de mayo, debido a la jornada institucional anunciada por el CPE, las funciones del Festival Internacional de T\u00edteres se abren para recibir a todas las familias!!!!<\/p>\n\n\n\n<p>\ud83d\udccdCARTELERA<\/p>\n\n\n\n<p>9:00hs &#8211; Obra: Lun\u00e1tica- Compa\u00f1\u00eda Kika (de C\u00f3rdoba) \u2013 Centro Cultural Cotesma<\/p>\n\n\n\n<p>10:30hs &#8211; Obra: Lun\u00e1tica \u2013 Compa\u00f1\u00eda Kika (de C\u00f3rdoba)&nbsp; &#8211; Centro Cultural Cotesma<\/p>\n\n\n\n<p>14:00hs \u2013 Obra: El regalo \u2013 Compa\u00f1\u00eda \u201cKanelo M\u00e1gico\u201d (de Chile) &nbsp; Teatro San Jos\u00e9<\/p>\n\n\n\n<p>15:00hs \u2013 Obra: El blues de los dinosaurios tristes- Compa\u00f1\u00eda \u201c5 sesiones\u201d (de Chubut) \u2013 Centro Cultural Cotesma.<\/p>\n\n\n\n<p>15:30hs. Obra: El regalo \u2013 Compa\u00f1\u00eda \u201cKanelo M\u00e1gico\u201d (de Chile) &nbsp; Teatro San Jos\u00e9<\/p>\n\n\n\n<p>\u2757\u2757Disponibilidad por orden de llegada hasta completar sala. Recomendamos asistir con 10 minutos de anticipaci\u00f3n.<\/p>\n","protected":false},"excerpt":{"rendered":"<p>El pr\u00f3ximo martes 14 de mayo, debido a la jornada institucional anunciada por el CPE, las funciones del Festival Internacional de T\u00edteres se abren para recibir a todas las familias!!!! \ud83d\udccdCARTELERA 9:00hs &#8211; Obra: Lun\u00e1tica- Compa\u00f1\u00eda Kika (de C\u00f3rdoba) \u2013 Centro Cultural Cotesma 10:30hs &#8211; Obra: Lun\u00e1tica \u2013 Compa\u00f1\u00eda Kika (de C\u00f3rdoba)&nbsp; &#8211; Centro Cultural Cotesma 14:00hs \u2013 Obra: El regalo \u2013 Compa\u00f1\u00eda \u201cKanelo M\u00e1gico\u201d &hellip; <a href=\"https:\/\/cultura.sma.gob.ar\/?p=5690\" class=\"more-link\">Continue reading <span class=\"screen-reader-text\">ESTE MARTES 14 HABR\u00c1 FUNCIONES DEL FESTIVAL DE T\u00cdTERES PARA FAMILIAS<\/span><\/a><\/p>\n","protected":false},"author":1,"featured_media":296,"comment_status":"closed","ping_status":"","sticky":false,"template":"","format":"image","meta":{"footnotes":""},"categories":[3],"tags":[],"class_list":["post-5690","post","type-post","status-publish","format-image","has-post-thumbnail","hentry","category-eventos-cultura","post_format-post-format-image"],"_links":{"self":[{"href":"https:\/\/cultura.sma.gob.ar\/index.php?rest_route=\/wp\/v2\/posts\/5690","targetHints":{"allow":["GET"]}}],"collection":[{"href":"https:\/\/cultura.sma.gob.ar\/index.php?rest_route=\/wp\/v2\/posts"}],"about":[{"href":"https:\/\/cultura.sma.gob.ar\/index.php?rest_route=\/wp\/v2\/types\/post"}],"author":[{"embeddable":true,"href":"https:\/\/cultura.sma.gob.ar\/index.php?rest_route=\/wp\/v2\/users\/1"}],"replies":[{"embeddable":true,"href":"https:\/\/cultura.sma.gob.ar\/index.php?rest_route=%2Fwp%2Fv2%2Fcomments&post=5690"}],"version-history":[{"count":1,"href":"https:\/\/cultura.sma.gob.ar\/index.php?rest_route=\/wp\/v2\/posts\/5690\/revisions"}],"predecessor-version":[{"id":5692,"href":"https:\/\/cultura.sma.gob.ar\/index.php?rest_route=\/wp\/v2\/posts\/5690\/revisions\/5692"}],"wp:featuredmedia":[{"embeddable":true,"href":"https:\/\/cultura.sma.gob.ar\/index.php?rest_route=\/wp\/v2\/media\/296"}],"wp:attachment":[{"href":"https:\/\/cultura.sma.gob.ar\/index.php?rest_route=%2Fwp%2Fv2%2Fmedia&parent=5690"}],"wp:term":[{"taxonomy":"category","embeddable":true,"href":"https:\/\/cultura.sma.gob.ar\/index.php?rest_route=%2Fwp%2Fv2%2Fcategories&post=5690"},{"taxonomy":"post_tag","embeddable":true,"href":"https:\/\/cultura.sma.gob.ar\/index.php?rest_route=%2Fwp%2Fv2%2Ftags&post=5690"}],"curies":[{"name":"wp","href":"https:\/\/api.w.org\/{rel}","templated":true}]}}