{"id":5684,"date":"2024-05-09T15:52:32","date_gmt":"2024-05-09T18:52:32","guid":{"rendered":"http:\/\/cultura.sma.gob.ar\/?p=5684"},"modified":"2024-05-09T15:52:32","modified_gmt":"2024-05-09T18:52:32","slug":"raia-portugal-y-bariloche-en-concierto","status":"publish","type":"post","link":"https:\/\/cultura.sma.gob.ar\/?p=5684","title":{"rendered":"Raia: Portugal y Bariloche en concierto"},"content":{"rendered":"\n<figure class=\"wp-block-image size-large\"><img loading=\"lazy\" decoding=\"async\" width=\"1024\" height=\"1024\" src=\"https:\/\/cultura.sma.gob.ar\/wp-content\/uploads\/2024\/05\/RAIA-Flyer-Espacio-Trama-1080x1080-A-1024x1024.jpg\" alt=\"\" class=\"wp-image-5685\" srcset=\"https:\/\/cultura.sma.gob.ar\/wp-content\/uploads\/2024\/05\/RAIA-Flyer-Espacio-Trama-1080x1080-A-1024x1024.jpg 1024w, https:\/\/cultura.sma.gob.ar\/wp-content\/uploads\/2024\/05\/RAIA-Flyer-Espacio-Trama-1080x1080-A-300x300.jpg 300w, https:\/\/cultura.sma.gob.ar\/wp-content\/uploads\/2024\/05\/RAIA-Flyer-Espacio-Trama-1080x1080-A-150x150.jpg 150w, https:\/\/cultura.sma.gob.ar\/wp-content\/uploads\/2024\/05\/RAIA-Flyer-Espacio-Trama-1080x1080-A-768x768.jpg 768w, https:\/\/cultura.sma.gob.ar\/wp-content\/uploads\/2024\/05\/RAIA-Flyer-Espacio-Trama-1080x1080-A-90x90.jpg 90w, https:\/\/cultura.sma.gob.ar\/wp-content\/uploads\/2024\/05\/RAIA-Flyer-Espacio-Trama-1080x1080-A.jpg 1080w\" sizes=\"auto, (max-width: 1024px) 100vw, 1024px\" \/><\/figure>\n\n\n\n<p>Desde Portugal, en el marco de su gira internacional, llega RAIA en concierto.<\/p>\n\n\n\n<p>El renombrado m\u00fasico portugu\u00e9s traer\u00e1 su m\u00fasica original fusionando folclore portugu\u00e9s con tintes contempor\u00e1neos.<\/p>\n\n\n\n<p><strong>\u00danica presentaci\u00f3n en SMA junto a m\u00fasicos reconocidos de Bariloche.<\/strong><\/p>\n\n\n\n<p>Proyecto RAIA son:<br>Antonio To-Ze Bexiga (Viola Campani\u00e7a)Sandra Della Penna (Guitarra y voz)Juan Sisterna (Guitarra)Diego Perez Beveraggi (Bater\u00eda)Santiago Bou (Visuales)<\/p>\n\n\n\n<p>S<strong>\u00e1bado 11 de Mayo &#8211; 21 Hs&#8221;Espacio Trama&#8221;G. Roca 310 &#8211; SMA<\/strong><br>Entradas anticipadas $3500Entradas en puerta $4000<br>Raia en vivo:<a rel=\"noreferrer noopener\" href=\"https:\/\/correo.smandes.gov.ar\/owa\/redir.aspx?C=84c9565c3ac744109b6875bed3f26b24&amp;URL=https%3a%2f%2fyoutu.be%2fxahHeMxzsm8%3ffeature%3dshared\" target=\"_blank\">https:\/\/youtu.be\/xahHeMxzsm8?feature=shared<\/a><\/p>\n","protected":false},"excerpt":{"rendered":"<p>Desde Portugal, en el marco de su gira internacional, llega RAIA en concierto. El renombrado m\u00fasico portugu\u00e9s traer\u00e1 su m\u00fasica original fusionando folclore portugu\u00e9s con tintes contempor\u00e1neos. \u00danica presentaci\u00f3n en SMA junto a m\u00fasicos reconocidos de Bariloche. Proyecto RAIA son:Antonio To-Ze Bexiga (Viola Campani\u00e7a)Sandra Della Penna (Guitarra y voz)Juan Sisterna (Guitarra)Diego Perez Beveraggi (Bater\u00eda)Santiago Bou (Visuales) S\u00e1bado 11 de Mayo &#8211; 21 Hs&#8221;Espacio Trama&#8221;G. Roca &hellip; <a href=\"https:\/\/cultura.sma.gob.ar\/?p=5684\" class=\"more-link\">Continue reading <span class=\"screen-reader-text\">Raia: Portugal y Bariloche en concierto<\/span><\/a><\/p>\n","protected":false},"author":1,"featured_media":297,"comment_status":"closed","ping_status":"","sticky":false,"template":"","format":"image","meta":{"footnotes":""},"categories":[2,9],"tags":[],"class_list":["post-5684","post","type-post","status-publish","format-image","has-post-thumbnail","hentry","category-ciudad-cultural","category-ultimas-noticias","post_format-post-format-image"],"_links":{"self":[{"href":"https:\/\/cultura.sma.gob.ar\/index.php?rest_route=\/wp\/v2\/posts\/5684","targetHints":{"allow":["GET"]}}],"collection":[{"href":"https:\/\/cultura.sma.gob.ar\/index.php?rest_route=\/wp\/v2\/posts"}],"about":[{"href":"https:\/\/cultura.sma.gob.ar\/index.php?rest_route=\/wp\/v2\/types\/post"}],"author":[{"embeddable":true,"href":"https:\/\/cultura.sma.gob.ar\/index.php?rest_route=\/wp\/v2\/users\/1"}],"replies":[{"embeddable":true,"href":"https:\/\/cultura.sma.gob.ar\/index.php?rest_route=%2Fwp%2Fv2%2Fcomments&post=5684"}],"version-history":[{"count":1,"href":"https:\/\/cultura.sma.gob.ar\/index.php?rest_route=\/wp\/v2\/posts\/5684\/revisions"}],"predecessor-version":[{"id":5686,"href":"https:\/\/cultura.sma.gob.ar\/index.php?rest_route=\/wp\/v2\/posts\/5684\/revisions\/5686"}],"wp:featuredmedia":[{"embeddable":true,"href":"https:\/\/cultura.sma.gob.ar\/index.php?rest_route=\/wp\/v2\/media\/297"}],"wp:attachment":[{"href":"https:\/\/cultura.sma.gob.ar\/index.php?rest_route=%2Fwp%2Fv2%2Fmedia&parent=5684"}],"wp:term":[{"taxonomy":"category","embeddable":true,"href":"https:\/\/cultura.sma.gob.ar\/index.php?rest_route=%2Fwp%2Fv2%2Fcategories&post=5684"},{"taxonomy":"post_tag","embeddable":true,"href":"https:\/\/cultura.sma.gob.ar\/index.php?rest_route=%2Fwp%2Fv2%2Ftags&post=5684"}],"curies":[{"name":"wp","href":"https:\/\/api.w.org\/{rel}","templated":true}]}}