{"id":5680,"date":"2024-05-09T15:46:09","date_gmt":"2024-05-09T18:46:09","guid":{"rendered":"http:\/\/cultura.sma.gob.ar\/?p=5680"},"modified":"2024-05-09T15:46:09","modified_gmt":"2024-05-09T18:46:09","slug":"mandinga-y-disonando-en-concierto","status":"publish","type":"post","link":"https:\/\/cultura.sma.gob.ar\/?p=5680","title":{"rendered":"Mandinga y Disonando en concierto"},"content":{"rendered":"\n<figure class=\"wp-block-image size-large\"><img loading=\"lazy\" decoding=\"async\" width=\"690\" height=\"976\" src=\"https:\/\/cultura.sma.gob.ar\/wp-content\/uploads\/2024\/05\/af4c6993-3d01-dbe4-a0bd-1b5ae2820eff.png\" alt=\"\" class=\"wp-image-5681\" srcset=\"https:\/\/cultura.sma.gob.ar\/wp-content\/uploads\/2024\/05\/af4c6993-3d01-dbe4-a0bd-1b5ae2820eff.png 690w, https:\/\/cultura.sma.gob.ar\/wp-content\/uploads\/2024\/05\/af4c6993-3d01-dbe4-a0bd-1b5ae2820eff-212x300.png 212w, https:\/\/cultura.sma.gob.ar\/wp-content\/uploads\/2024\/05\/af4c6993-3d01-dbe4-a0bd-1b5ae2820eff-64x90.png 64w\" sizes=\"auto, (max-width: 690px) 100vw, 690px\" \/><\/figure>\n\n\n\n<figure class=\"wp-block-table\"><table><tbody><tr><td>&#8220;MANDINGA-DISONANDO&#8221;<br><br>Mandinga est\u00e1 integrado por Fer Formigo en quena, Federico Piterbarg en guitarra y Agust\u00edn Lagos en contrabajo. Este power tr\u00edo aborda piezas de Astor Piazzolla d\u00e1ndole una impronta at\u00edpica por su formaci\u00f3n no tradicional, sumando la improvisaci\u00f3n sobre las obras. Est\u00e1 ser\u00e1 la muestra de lo presentado en enero en el Festival Jazz Plaza 2024 de La Habana Cuba. \u00a1Ser\u00e1 un placer encontrarnos nuevamente!<br><br>\u200bDisonando \u201caquello que no guarda relaci\u00f3n de conformidad con la armon\u00eda\u2026\u201d El formato concierto del grupo se basa en un repertorio de m\u00fasica instrumental latinoamericana compuesto por obras de autor\u00eda propia y otras de grandes compositores, tales como Daniel Maza, Ra\u00fal Di Blasio, Tom Jobin, Ra\u00fal Carnota, Carlos Aguirre, Astor Piazzolla, entre otros. Lo que caracteriza la sonoridad del grupo es el contrapunto, el di\u00e1logo constante entre los instrumentos y la fusi\u00f3n de estilos musicales que permite el encuentro de m\u00fasicos con un bagaje cultural propio y personal. El grupo se forma en el a\u00f1o 2016 en la ciudad de Zapala, actualmente se encuentra integrado por Ariel Carrizo en flauta traversa, Fernando Mor\u00e1n en charango y cuatrovenezolano, Alejandro Leliwa en guitarra, Daniel S\u00e1nchez en bajo, Gabriel Elizondo en bater\u00eda, Patricio Ponce en percusi\u00f3n y Gast\u00f3n P\u00e9rez en guitarra y arreglos.<\/td><\/tr><\/tbody><\/table><\/figure>\n","protected":false},"excerpt":{"rendered":"<p>&#8220;MANDINGA-DISONANDO&#8221; Mandinga est\u00e1 integrado por Fer Formigo en quena, Federico Piterbarg en guitarra y Agust\u00edn Lagos en contrabajo. Este power tr\u00edo aborda piezas de Astor Piazzolla d\u00e1ndole una impronta at\u00edpica por su formaci\u00f3n no tradicional, sumando la improvisaci\u00f3n sobre las obras. Est\u00e1 ser\u00e1 la muestra de lo presentado en enero en el Festival Jazz Plaza 2024 de La Habana Cuba. \u00a1Ser\u00e1 un placer encontrarnos nuevamente! &hellip; <a href=\"https:\/\/cultura.sma.gob.ar\/?p=5680\" class=\"more-link\">Continue reading <span class=\"screen-reader-text\">Mandinga y Disonando en concierto<\/span><\/a><\/p>\n","protected":false},"author":1,"featured_media":297,"comment_status":"closed","ping_status":"","sticky":false,"template":"","format":"image","meta":{"footnotes":""},"categories":[2,9],"tags":[],"class_list":["post-5680","post","type-post","status-publish","format-image","has-post-thumbnail","hentry","category-ciudad-cultural","category-ultimas-noticias","post_format-post-format-image"],"_links":{"self":[{"href":"https:\/\/cultura.sma.gob.ar\/index.php?rest_route=\/wp\/v2\/posts\/5680","targetHints":{"allow":["GET"]}}],"collection":[{"href":"https:\/\/cultura.sma.gob.ar\/index.php?rest_route=\/wp\/v2\/posts"}],"about":[{"href":"https:\/\/cultura.sma.gob.ar\/index.php?rest_route=\/wp\/v2\/types\/post"}],"author":[{"embeddable":true,"href":"https:\/\/cultura.sma.gob.ar\/index.php?rest_route=\/wp\/v2\/users\/1"}],"replies":[{"embeddable":true,"href":"https:\/\/cultura.sma.gob.ar\/index.php?rest_route=%2Fwp%2Fv2%2Fcomments&post=5680"}],"version-history":[{"count":1,"href":"https:\/\/cultura.sma.gob.ar\/index.php?rest_route=\/wp\/v2\/posts\/5680\/revisions"}],"predecessor-version":[{"id":5682,"href":"https:\/\/cultura.sma.gob.ar\/index.php?rest_route=\/wp\/v2\/posts\/5680\/revisions\/5682"}],"wp:featuredmedia":[{"embeddable":true,"href":"https:\/\/cultura.sma.gob.ar\/index.php?rest_route=\/wp\/v2\/media\/297"}],"wp:attachment":[{"href":"https:\/\/cultura.sma.gob.ar\/index.php?rest_route=%2Fwp%2Fv2%2Fmedia&parent=5680"}],"wp:term":[{"taxonomy":"category","embeddable":true,"href":"https:\/\/cultura.sma.gob.ar\/index.php?rest_route=%2Fwp%2Fv2%2Fcategories&post=5680"},{"taxonomy":"post_tag","embeddable":true,"href":"https:\/\/cultura.sma.gob.ar\/index.php?rest_route=%2Fwp%2Fv2%2Ftags&post=5680"}],"curies":[{"name":"wp","href":"https:\/\/api.w.org\/{rel}","templated":true}]}}