{"id":5675,"date":"2024-05-08T15:29:47","date_gmt":"2024-05-08T18:29:47","guid":{"rendered":"http:\/\/cultura.sma.gob.ar\/?p=5675"},"modified":"2024-05-08T15:29:47","modified_gmt":"2024-05-08T18:29:47","slug":"duo-de-guitarras-en-la-sala-amankay","status":"publish","type":"post","link":"https:\/\/cultura.sma.gob.ar\/?p=5675","title":{"rendered":"D\u00fao de guitarras en la Sala Amankay"},"content":{"rendered":"\n<figure class=\"wp-block-image size-large\"><img loading=\"lazy\" decoding=\"async\" width=\"576\" height=\"1024\" src=\"https:\/\/cultura.sma.gob.ar\/wp-content\/uploads\/2024\/05\/jpg..-576x1024.jpg\" alt=\"\" class=\"wp-image-5676\" srcset=\"https:\/\/cultura.sma.gob.ar\/wp-content\/uploads\/2024\/05\/jpg..-576x1024.jpg 576w, https:\/\/cultura.sma.gob.ar\/wp-content\/uploads\/2024\/05\/jpg..-169x300.jpg 169w, https:\/\/cultura.sma.gob.ar\/wp-content\/uploads\/2024\/05\/jpg..-768x1365.jpg 768w, https:\/\/cultura.sma.gob.ar\/wp-content\/uploads\/2024\/05\/jpg..-864x1536.jpg 864w, https:\/\/cultura.sma.gob.ar\/wp-content\/uploads\/2024\/05\/jpg..-51x90.jpg 51w, https:\/\/cultura.sma.gob.ar\/wp-content\/uploads\/2024\/05\/jpg...jpg 1080w\" sizes=\"auto, (max-width: 576px) 100vw, 576px\" \/><\/figure>\n\n\n\n<p>El reconocido y afamado guitarrista argentino V\u00edctor Villadangos se encontrar\u00e1 para conformar un d\u00fao con el guitarrista neuquino Dami\u00e1n Cazeneuve, y brindar\u00e1n dos conciertos en la provincia del Neuqu\u00e9n.<\/p>\n\n\n\n<p>Ambos m\u00fasicos con una amplia y destacada trayectoria a nivel nacional e internacional brindar\u00e1n adem\u00e1s unas masterclasses en la Escuela de m\u00fasica de San Mart\u00edn de los Andes.<\/p>\n\n\n\n<p>El s\u00e1bado 18 de mayo dedicar\u00e1n el d\u00eda para impartir clases en la Escuela de M\u00fasica de San Mart\u00edn de los Andes y al d\u00eda siguiente, el domingo 19 de mayo a las 20 hs en la sala del Centro Cultural Cotesma cerrar\u00e1n con un concierto, la gira por la regi\u00f3n.<\/p>\n\n\n\n<p>Las entradas para este concierto se pueden adquirir en el Centro Cultural Cotesma, calle Gral. Roca 1154 dela ciudad de San Mart\u00edn de los Andes.<\/p>\n","protected":false},"excerpt":{"rendered":"<p>El reconocido y afamado guitarrista argentino V\u00edctor Villadangos se encontrar\u00e1 para conformar un d\u00fao con el guitarrista neuquino Dami\u00e1n Cazeneuve, y brindar\u00e1n dos conciertos en la provincia del Neuqu\u00e9n. Ambos m\u00fasicos con una amplia y destacada trayectoria a nivel nacional e internacional brindar\u00e1n adem\u00e1s unas masterclasses en la Escuela de m\u00fasica de San Mart\u00edn de los Andes. El s\u00e1bado 18 de mayo dedicar\u00e1n el d\u00eda &hellip; <a href=\"https:\/\/cultura.sma.gob.ar\/?p=5675\" class=\"more-link\">Continue reading <span class=\"screen-reader-text\">D\u00fao de guitarras en la Sala Amankay<\/span><\/a><\/p>\n","protected":false},"author":1,"featured_media":297,"comment_status":"closed","ping_status":"","sticky":false,"template":"","format":"image","meta":{"footnotes":""},"categories":[2,9],"tags":[],"class_list":["post-5675","post","type-post","status-publish","format-image","has-post-thumbnail","hentry","category-ciudad-cultural","category-ultimas-noticias","post_format-post-format-image"],"_links":{"self":[{"href":"https:\/\/cultura.sma.gob.ar\/index.php?rest_route=\/wp\/v2\/posts\/5675","targetHints":{"allow":["GET"]}}],"collection":[{"href":"https:\/\/cultura.sma.gob.ar\/index.php?rest_route=\/wp\/v2\/posts"}],"about":[{"href":"https:\/\/cultura.sma.gob.ar\/index.php?rest_route=\/wp\/v2\/types\/post"}],"author":[{"embeddable":true,"href":"https:\/\/cultura.sma.gob.ar\/index.php?rest_route=\/wp\/v2\/users\/1"}],"replies":[{"embeddable":true,"href":"https:\/\/cultura.sma.gob.ar\/index.php?rest_route=%2Fwp%2Fv2%2Fcomments&post=5675"}],"version-history":[{"count":1,"href":"https:\/\/cultura.sma.gob.ar\/index.php?rest_route=\/wp\/v2\/posts\/5675\/revisions"}],"predecessor-version":[{"id":5677,"href":"https:\/\/cultura.sma.gob.ar\/index.php?rest_route=\/wp\/v2\/posts\/5675\/revisions\/5677"}],"wp:featuredmedia":[{"embeddable":true,"href":"https:\/\/cultura.sma.gob.ar\/index.php?rest_route=\/wp\/v2\/media\/297"}],"wp:attachment":[{"href":"https:\/\/cultura.sma.gob.ar\/index.php?rest_route=%2Fwp%2Fv2%2Fmedia&parent=5675"}],"wp:term":[{"taxonomy":"category","embeddable":true,"href":"https:\/\/cultura.sma.gob.ar\/index.php?rest_route=%2Fwp%2Fv2%2Fcategories&post=5675"},{"taxonomy":"post_tag","embeddable":true,"href":"https:\/\/cultura.sma.gob.ar\/index.php?rest_route=%2Fwp%2Fv2%2Ftags&post=5675"}],"curies":[{"name":"wp","href":"https:\/\/api.w.org\/{rel}","templated":true}]}}