{"id":5672,"date":"2024-05-08T15:27:00","date_gmt":"2024-05-08T18:27:00","guid":{"rendered":"http:\/\/cultura.sma.gob.ar\/?p=5672"},"modified":"2024-05-08T15:27:00","modified_gmt":"2024-05-08T18:27:00","slug":"seminario-de-danza-contemporanea-en-jazz-swing-tap","status":"publish","type":"post","link":"https:\/\/cultura.sma.gob.ar\/?p=5672","title":{"rendered":"Seminario de danza contempor\u00e1nea en Jazz Swing Tap"},"content":{"rendered":"\n<figure class=\"wp-block-image size-large\"><img loading=\"lazy\" decoding=\"async\" width=\"724\" height=\"1024\" src=\"https:\/\/cultura.sma.gob.ar\/wp-content\/uploads\/2024\/05\/IMG-20240502-WA0020-724x1024.jpg\" alt=\"\" class=\"wp-image-5673\" srcset=\"https:\/\/cultura.sma.gob.ar\/wp-content\/uploads\/2024\/05\/IMG-20240502-WA0020-724x1024.jpg 724w, https:\/\/cultura.sma.gob.ar\/wp-content\/uploads\/2024\/05\/IMG-20240502-WA0020-212x300.jpg 212w, https:\/\/cultura.sma.gob.ar\/wp-content\/uploads\/2024\/05\/IMG-20240502-WA0020-768x1086.jpg 768w, https:\/\/cultura.sma.gob.ar\/wp-content\/uploads\/2024\/05\/IMG-20240502-WA0020-1086x1536.jpg 1086w, https:\/\/cultura.sma.gob.ar\/wp-content\/uploads\/2024\/05\/IMG-20240502-WA0020-64x90.jpg 64w, https:\/\/cultura.sma.gob.ar\/wp-content\/uploads\/2024\/05\/IMG-20240502-WA0020.jpg 1131w\" sizes=\"auto, (max-width: 724px) 100vw, 724px\" \/><\/figure>\n\n\n\n<p>Candela Feryala es estudiante de la Lic. en Composici\u00f3n Coreografica de la ciudad de C\u00f3rdoba, bailarina, int\u00e9rprete y directora de proyecto bejart\u00a0<\/p>\n\n\n\n<p>Estar\u00e1 un tiempo en San Mart\u00edn de los Andes y dictar\u00e1 un seminario de Danza Contempor\u00e1nea, para quien tenga ganas de bailar y profundizar en su danza.<\/p>\n\n\n\n<p>Para inscribirse, se pueden comunicar al tel\u00e9fono que figura en la imagen.<\/p>\n","protected":false},"excerpt":{"rendered":"<p>Candela Feryala es estudiante de la Lic. en Composici\u00f3n Coreografica de la ciudad de C\u00f3rdoba, bailarina, int\u00e9rprete y directora de proyecto bejart\u00a0 Estar\u00e1 un tiempo en San Mart\u00edn de los Andes y dictar\u00e1 un seminario de Danza Contempor\u00e1nea, para quien tenga ganas de bailar y profundizar en su danza. Para inscribirse, se pueden comunicar al tel\u00e9fono que figura en la imagen. <a href=\"https:\/\/cultura.sma.gob.ar\/?p=5672\" class=\"more-link\">Continue reading <span class=\"screen-reader-text\">Seminario de danza contempor\u00e1nea en Jazz Swing Tap<\/span><\/a><\/p>\n","protected":false},"author":1,"featured_media":297,"comment_status":"closed","ping_status":"","sticky":false,"template":"","format":"image","meta":{"footnotes":""},"categories":[2,9],"tags":[],"class_list":["post-5672","post","type-post","status-publish","format-image","has-post-thumbnail","hentry","category-ciudad-cultural","category-ultimas-noticias","post_format-post-format-image"],"_links":{"self":[{"href":"https:\/\/cultura.sma.gob.ar\/index.php?rest_route=\/wp\/v2\/posts\/5672","targetHints":{"allow":["GET"]}}],"collection":[{"href":"https:\/\/cultura.sma.gob.ar\/index.php?rest_route=\/wp\/v2\/posts"}],"about":[{"href":"https:\/\/cultura.sma.gob.ar\/index.php?rest_route=\/wp\/v2\/types\/post"}],"author":[{"embeddable":true,"href":"https:\/\/cultura.sma.gob.ar\/index.php?rest_route=\/wp\/v2\/users\/1"}],"replies":[{"embeddable":true,"href":"https:\/\/cultura.sma.gob.ar\/index.php?rest_route=%2Fwp%2Fv2%2Fcomments&post=5672"}],"version-history":[{"count":1,"href":"https:\/\/cultura.sma.gob.ar\/index.php?rest_route=\/wp\/v2\/posts\/5672\/revisions"}],"predecessor-version":[{"id":5674,"href":"https:\/\/cultura.sma.gob.ar\/index.php?rest_route=\/wp\/v2\/posts\/5672\/revisions\/5674"}],"wp:featuredmedia":[{"embeddable":true,"href":"https:\/\/cultura.sma.gob.ar\/index.php?rest_route=\/wp\/v2\/media\/297"}],"wp:attachment":[{"href":"https:\/\/cultura.sma.gob.ar\/index.php?rest_route=%2Fwp%2Fv2%2Fmedia&parent=5672"}],"wp:term":[{"taxonomy":"category","embeddable":true,"href":"https:\/\/cultura.sma.gob.ar\/index.php?rest_route=%2Fwp%2Fv2%2Fcategories&post=5672"},{"taxonomy":"post_tag","embeddable":true,"href":"https:\/\/cultura.sma.gob.ar\/index.php?rest_route=%2Fwp%2Fv2%2Ftags&post=5672"}],"curies":[{"name":"wp","href":"https:\/\/api.w.org\/{rel}","templated":true}]}}