{"id":5667,"date":"2024-05-08T15:20:02","date_gmt":"2024-05-08T18:20:02","guid":{"rendered":"http:\/\/cultura.sma.gob.ar\/?p=5667"},"modified":"2024-05-08T15:20:02","modified_gmt":"2024-05-08T18:20:02","slug":"cartelera-san-jose-practicas-corporales-indisciplinadas","status":"publish","type":"post","link":"https:\/\/cultura.sma.gob.ar\/?p=5667","title":{"rendered":"Cartelera San Jos\u00e9: &#8220;Pr\u00e1cticas corporales indisciplinadas&#8221;"},"content":{"rendered":"\n<figure class=\"wp-block-image size-large\"><img loading=\"lazy\" decoding=\"async\" width=\"1024\" height=\"1024\" src=\"https:\/\/cultura.sma.gob.ar\/wp-content\/uploads\/2024\/05\/WhatsApp-Image-2024-05-08-at-3.16.40-PM-1024x1024.jpeg\" alt=\"\" class=\"wp-image-5668\" srcset=\"https:\/\/cultura.sma.gob.ar\/wp-content\/uploads\/2024\/05\/WhatsApp-Image-2024-05-08-at-3.16.40-PM-1024x1024.jpeg 1024w, https:\/\/cultura.sma.gob.ar\/wp-content\/uploads\/2024\/05\/WhatsApp-Image-2024-05-08-at-3.16.40-PM-300x300.jpeg 300w, https:\/\/cultura.sma.gob.ar\/wp-content\/uploads\/2024\/05\/WhatsApp-Image-2024-05-08-at-3.16.40-PM-150x150.jpeg 150w, https:\/\/cultura.sma.gob.ar\/wp-content\/uploads\/2024\/05\/WhatsApp-Image-2024-05-08-at-3.16.40-PM-768x768.jpeg 768w, https:\/\/cultura.sma.gob.ar\/wp-content\/uploads\/2024\/05\/WhatsApp-Image-2024-05-08-at-3.16.40-PM-90x90.jpeg 90w, https:\/\/cultura.sma.gob.ar\/wp-content\/uploads\/2024\/05\/WhatsApp-Image-2024-05-08-at-3.16.40-PM.jpeg 1080w\" sizes=\"auto, (max-width: 1024px) 100vw, 1024px\" \/><\/figure>\n\n\n\n<p>Laboratorio abierto y permanente de creaci\u00f3n:\u00a0PR\u00c1CTICAS CORPORALES INDISCIPLINADAS<\/p>\n\n\n\n<p><strong>Coordinan Emilia Tosar y Suyai Ota\u00f1o\u00a0<\/strong><\/p>\n\n\n\n<p><strong>Todos los jueves 20 a 22 hs\u00a0<\/strong><\/p>\n\n\n\n<p><strong>Inicia 9 de mayo 2024\u00a0<\/strong><\/p>\n\n\n\n<p><strong>Lugar: \u00a0Teatro San Jos\u00e9<\/strong><\/p>\n\n\n\n<p>Un espacio abierto, horizontal y permanente de investigaci\u00f3n, creaci\u00f3n y critica. La propuesta es poner el cuerpo a disposici\u00f3n de nuestras intensidades y potencias; reconocer, desarmar y construir las diversas materialidades para seguir imaginando nuestras pr\u00e1cticas en relaci\u00f3n e interacci\u00f3n con el mundo.\u00a0<\/p>\n\n\n\n<p>Desplegar un entrenamiento de lo sensible en disputa a los modos hegem\u00f3nicos de las relaciones de nuestros cuerpos sociales. Insistir, en la urgencia, una necesidad de cortocircuitar el discurso consciente. Compartir sistemas h\u00edbridos para la creaci\u00f3n.<\/p>\n\n\n\n<p>Activar procesos continuos con ritmos propios. Activar la potencia de la imaginaci\u00f3n.<\/p>\n\n\n\n<p>\u00bfC\u00f3mo construimos nuevas metodolog\u00edas del hacer-pensar? \u00bfC\u00f3mo armamos tejidos afectivos que sean la base de un cuerpo social? \u00bfCu\u00e1les son nuestras formas de construir afectos y colectividad? \u00bfCu\u00e1les son nuestras intenciones?&#8230;Modos propuestos para la din\u00e1mica de trabajo: entrenamiento f\u00edsico, lecturas, escritura improvisaci\u00f3n, invitaci\u00f3n a artistas y te\u00f3ricos, din\u00e1micas de direcci\u00f3n, trabajo con objetos y diversas materialidades, entre otros.\u00a0<\/p>\n","protected":false},"excerpt":{"rendered":"<p>Laboratorio abierto y permanente de creaci\u00f3n:\u00a0PR\u00c1CTICAS CORPORALES INDISCIPLINADAS Coordinan Emilia Tosar y Suyai Ota\u00f1o\u00a0 Todos los jueves 20 a 22 hs\u00a0 Inicia 9 de mayo 2024\u00a0 Lugar: \u00a0Teatro San Jos\u00e9 Un espacio abierto, horizontal y permanente de investigaci\u00f3n, creaci\u00f3n y critica. La propuesta es poner el cuerpo a disposici\u00f3n de nuestras intensidades y potencias; reconocer, desarmar y construir las diversas materialidades para seguir imaginando nuestras &hellip; <a href=\"https:\/\/cultura.sma.gob.ar\/?p=5667\" class=\"more-link\">Continue reading <span class=\"screen-reader-text\">Cartelera San Jos\u00e9: &#8220;Pr\u00e1cticas corporales indisciplinadas&#8221;<\/span><\/a><\/p>\n","protected":false},"author":1,"featured_media":292,"comment_status":"closed","ping_status":"","sticky":false,"template":"","format":"image","meta":{"footnotes":""},"categories":[8,9],"tags":[],"class_list":["post-5667","post","type-post","status-publish","format-image","has-post-thumbnail","hentry","category-teatro-san-jose","category-ultimas-noticias","post_format-post-format-image"],"_links":{"self":[{"href":"https:\/\/cultura.sma.gob.ar\/index.php?rest_route=\/wp\/v2\/posts\/5667","targetHints":{"allow":["GET"]}}],"collection":[{"href":"https:\/\/cultura.sma.gob.ar\/index.php?rest_route=\/wp\/v2\/posts"}],"about":[{"href":"https:\/\/cultura.sma.gob.ar\/index.php?rest_route=\/wp\/v2\/types\/post"}],"author":[{"embeddable":true,"href":"https:\/\/cultura.sma.gob.ar\/index.php?rest_route=\/wp\/v2\/users\/1"}],"replies":[{"embeddable":true,"href":"https:\/\/cultura.sma.gob.ar\/index.php?rest_route=%2Fwp%2Fv2%2Fcomments&post=5667"}],"version-history":[{"count":1,"href":"https:\/\/cultura.sma.gob.ar\/index.php?rest_route=\/wp\/v2\/posts\/5667\/revisions"}],"predecessor-version":[{"id":5669,"href":"https:\/\/cultura.sma.gob.ar\/index.php?rest_route=\/wp\/v2\/posts\/5667\/revisions\/5669"}],"wp:featuredmedia":[{"embeddable":true,"href":"https:\/\/cultura.sma.gob.ar\/index.php?rest_route=\/wp\/v2\/media\/292"}],"wp:attachment":[{"href":"https:\/\/cultura.sma.gob.ar\/index.php?rest_route=%2Fwp%2Fv2%2Fmedia&parent=5667"}],"wp:term":[{"taxonomy":"category","embeddable":true,"href":"https:\/\/cultura.sma.gob.ar\/index.php?rest_route=%2Fwp%2Fv2%2Fcategories&post=5667"},{"taxonomy":"post_tag","embeddable":true,"href":"https:\/\/cultura.sma.gob.ar\/index.php?rest_route=%2Fwp%2Fv2%2Ftags&post=5667"}],"curies":[{"name":"wp","href":"https:\/\/api.w.org\/{rel}","templated":true}]}}