{"id":5652,"date":"2024-05-01T10:24:51","date_gmt":"2024-05-01T13:24:51","guid":{"rendered":"http:\/\/cultura.sma.gob.ar\/?p=5652"},"modified":"2024-05-01T10:24:51","modified_gmt":"2024-05-01T13:24:51","slug":"jig-bailecito-para-nada-unica-funcion-en-san-martin-de-los-andes","status":"publish","type":"post","link":"https:\/\/cultura.sma.gob.ar\/?p=5652","title":{"rendered":"&#8220;JIG: bailecito para nada&#8221; &#8211; \u00danica funci\u00f3n en San Mart\u00edn de los Andes"},"content":{"rendered":"\n<figure class=\"wp-block-image size-large\"><img loading=\"lazy\" decoding=\"async\" width=\"690\" height=\"690\" src=\"https:\/\/cultura.sma.gob.ar\/wp-content\/uploads\/2024\/05\/e8b83618-333a-f42a-e885-4d239ca8a32b.png\" alt=\"\" class=\"wp-image-5653\" srcset=\"https:\/\/cultura.sma.gob.ar\/wp-content\/uploads\/2024\/05\/e8b83618-333a-f42a-e885-4d239ca8a32b.png 690w, https:\/\/cultura.sma.gob.ar\/wp-content\/uploads\/2024\/05\/e8b83618-333a-f42a-e885-4d239ca8a32b-300x300.png 300w, https:\/\/cultura.sma.gob.ar\/wp-content\/uploads\/2024\/05\/e8b83618-333a-f42a-e885-4d239ca8a32b-150x150.png 150w, https:\/\/cultura.sma.gob.ar\/wp-content\/uploads\/2024\/05\/e8b83618-333a-f42a-e885-4d239ca8a32b-90x90.png 90w\" sizes=\"auto, (max-width: 690px) 100vw, 690px\" \/><\/figure>\n\n\n\n<figure class=\"wp-block-table\"><table><tbody><tr><td>&#8220;JIG: BAILECITO PARA NADA&#8221;El pr\u00f3ximo viernes, 03 de mayo, a las 21hs, en nuestra querida Sala Amankay, disfrutaremos de \u201c\ud835\udd41\ud835\udd5a\ud835\udd58: \ud835\udd39\ud835\udd52\ud835\udd5a\ud835\udd5d\ud835\udd56\ud835\udd54\ud835\udd5a\ud835\udd65\ud835\udd60 \ud835\udd61\ud835\udd52\ud835\udd63\ud835\udd52 \ud835\udd5f\ud835\udd52\ud835\udd55\ud835\udd52\u201d de\u00a0 Guillermo Vanad\u00eda.\u200b<br>\u00a1\u00danica funci\u00f3n en nuestra ciudad!\u200b<br>Obra Nominada por los premios Siripo 2024 a:- \ud835\udd44\ud835\udd56\ud835\udd5b\ud835\udd60\ud835\udd63 \ud835\udd38\ud835\udd54\ud835\udd65\ud835\udd66\ud835\udd52\ud835\udd54\ud835\udd5a\u00f3\ud835\udd5f- \ud835\udd44\ud835\udd56\ud835\udd5b\ud835\udd60\ud835\udd63 \ud835\udd4d\ud835\udd56\ud835\udd64\ud835\udd65\ud835\udd66\ud835\udd52\ud835\udd63\ud835\udd5a\ud835\udd60- \ud835\udd44\ud835\udd56\ud835\udd5b\ud835\udd60\ud835\udd63 \ud835\udd46\ud835\udd53\ud835\udd63\ud835\udd52\u200b<br>Sintesis Argumental: Alguien camina sobre lo que ten\u00e9s muerto.Un vagabundo, cansado del supuesto circo moderno entierra a sus hermanos que alguna vez vio actuar.Restos Isabelinos, sepultureros de Monrovia, r\u00edos de Caronte, pasajes, umbrales que se juegan esta noche&#8230;El azar es otro rinc\u00f3n en la salida que patina.El territorio, un patriotismo barat\u00edsimo.Sabores turbios con pesto refrescante.\u200b<br>EQUIPO: Guillermo Vanadia, Gast\u00f3n Casabella, Mili Centeno, Ana Rojo, Ezequiel C\u00f3rdoba, Patricia \u00c1vila, Melanie Hasenclever, Azul Cooper, Natalia Guendulain, Nati Arriola, Horacio French.\u200b\u00a0<br>Entrada Gral $4.000.-Estudiantes y jubilados $3.000.-En venta en la boleter\u00eda del Centro Cultural (Con tarjeta de d\u00e9bito, cr\u00e9dito o QR).<\/td><\/tr><\/tbody><\/table><\/figure>\n","protected":false},"excerpt":{"rendered":"<p>&#8220;JIG: BAILECITO PARA NADA&#8221;El pr\u00f3ximo viernes, 03 de mayo, a las 21hs, en nuestra querida Sala Amankay, disfrutaremos de \u201c\ud835\udd41\ud835\udd5a\ud835\udd58: \ud835\udd39\ud835\udd52\ud835\udd5a\ud835\udd5d\ud835\udd56\ud835\udd54\ud835\udd5a\ud835\udd65\ud835\udd60 \ud835\udd61\ud835\udd52\ud835\udd63\ud835\udd52 \ud835\udd5f\ud835\udd52\ud835\udd55\ud835\udd52\u201d de\u00a0 Guillermo Vanad\u00eda.\u200b\u00a1\u00danica funci\u00f3n en nuestra ciudad!\u200bObra Nominada por los premios Siripo 2024 a:- \ud835\udd44\ud835\udd56\ud835\udd5b\ud835\udd60\ud835\udd63 \ud835\udd38\ud835\udd54\ud835\udd65\ud835\udd66\ud835\udd52\ud835\udd54\ud835\udd5a\u00f3\ud835\udd5f- \ud835\udd44\ud835\udd56\ud835\udd5b\ud835\udd60\ud835\udd63 \ud835\udd4d\ud835\udd56\ud835\udd64\ud835\udd65\ud835\udd66\ud835\udd52\ud835\udd63\ud835\udd5a\ud835\udd60- \ud835\udd44\ud835\udd56\ud835\udd5b\ud835\udd60\ud835\udd63 \ud835\udd46\ud835\udd53\ud835\udd63\ud835\udd52\u200bSintesis Argumental: Alguien camina sobre lo que ten\u00e9s muerto.Un vagabundo, cansado del supuesto circo moderno entierra a sus hermanos que alguna vez vio &hellip; <a href=\"https:\/\/cultura.sma.gob.ar\/?p=5652\" class=\"more-link\">Continue reading <span class=\"screen-reader-text\">&#8220;JIG: bailecito para nada&#8221; &#8211; \u00danica funci\u00f3n en San Mart\u00edn de los Andes<\/span><\/a><\/p>\n","protected":false},"author":1,"featured_media":297,"comment_status":"closed","ping_status":"","sticky":false,"template":"","format":"image","meta":{"footnotes":""},"categories":[2,9],"tags":[],"class_list":["post-5652","post","type-post","status-publish","format-image","has-post-thumbnail","hentry","category-ciudad-cultural","category-ultimas-noticias","post_format-post-format-image"],"_links":{"self":[{"href":"https:\/\/cultura.sma.gob.ar\/index.php?rest_route=\/wp\/v2\/posts\/5652","targetHints":{"allow":["GET"]}}],"collection":[{"href":"https:\/\/cultura.sma.gob.ar\/index.php?rest_route=\/wp\/v2\/posts"}],"about":[{"href":"https:\/\/cultura.sma.gob.ar\/index.php?rest_route=\/wp\/v2\/types\/post"}],"author":[{"embeddable":true,"href":"https:\/\/cultura.sma.gob.ar\/index.php?rest_route=\/wp\/v2\/users\/1"}],"replies":[{"embeddable":true,"href":"https:\/\/cultura.sma.gob.ar\/index.php?rest_route=%2Fwp%2Fv2%2Fcomments&post=5652"}],"version-history":[{"count":1,"href":"https:\/\/cultura.sma.gob.ar\/index.php?rest_route=\/wp\/v2\/posts\/5652\/revisions"}],"predecessor-version":[{"id":5654,"href":"https:\/\/cultura.sma.gob.ar\/index.php?rest_route=\/wp\/v2\/posts\/5652\/revisions\/5654"}],"wp:featuredmedia":[{"embeddable":true,"href":"https:\/\/cultura.sma.gob.ar\/index.php?rest_route=\/wp\/v2\/media\/297"}],"wp:attachment":[{"href":"https:\/\/cultura.sma.gob.ar\/index.php?rest_route=%2Fwp%2Fv2%2Fmedia&parent=5652"}],"wp:term":[{"taxonomy":"category","embeddable":true,"href":"https:\/\/cultura.sma.gob.ar\/index.php?rest_route=%2Fwp%2Fv2%2Fcategories&post=5652"},{"taxonomy":"post_tag","embeddable":true,"href":"https:\/\/cultura.sma.gob.ar\/index.php?rest_route=%2Fwp%2Fv2%2Ftags&post=5652"}],"curies":[{"name":"wp","href":"https:\/\/api.w.org\/{rel}","templated":true}]}}