{"id":5648,"date":"2024-05-01T10:19:19","date_gmt":"2024-05-01T13:19:19","guid":{"rendered":"http:\/\/cultura.sma.gob.ar\/?p=5648"},"modified":"2024-05-01T10:19:19","modified_gmt":"2024-05-01T13:19:19","slug":"expo-fotografas-de-san-martin-de-los-andes","status":"publish","type":"post","link":"https:\/\/cultura.sma.gob.ar\/?p=5648","title":{"rendered":"EXPO FOT\u00d3GRAFAS DE SAN MART\u00cdN DE LOS ANDES"},"content":{"rendered":"\n<figure class=\"wp-block-image size-large\"><img loading=\"lazy\" decoding=\"async\" width=\"819\" height=\"1024\" src=\"https:\/\/cultura.sma.gob.ar\/wp-content\/uploads\/2024\/05\/SMA-LC0026-Expo-Fotogtafas-RRSS_4x5-1-819x1024.jpg\" alt=\"\" class=\"wp-image-5649\" srcset=\"https:\/\/cultura.sma.gob.ar\/wp-content\/uploads\/2024\/05\/SMA-LC0026-Expo-Fotogtafas-RRSS_4x5-1-819x1024.jpg 819w, https:\/\/cultura.sma.gob.ar\/wp-content\/uploads\/2024\/05\/SMA-LC0026-Expo-Fotogtafas-RRSS_4x5-1-240x300.jpg 240w, https:\/\/cultura.sma.gob.ar\/wp-content\/uploads\/2024\/05\/SMA-LC0026-Expo-Fotogtafas-RRSS_4x5-1-768x960.jpg 768w, https:\/\/cultura.sma.gob.ar\/wp-content\/uploads\/2024\/05\/SMA-LC0026-Expo-Fotogtafas-RRSS_4x5-1-1229x1536.jpg 1229w, https:\/\/cultura.sma.gob.ar\/wp-content\/uploads\/2024\/05\/SMA-LC0026-Expo-Fotogtafas-RRSS_4x5-1-1639x2048.jpg 1639w, https:\/\/cultura.sma.gob.ar\/wp-content\/uploads\/2024\/05\/SMA-LC0026-Expo-Fotogtafas-RRSS_4x5-1-72x90.jpg 72w, https:\/\/cultura.sma.gob.ar\/wp-content\/uploads\/2024\/05\/SMA-LC0026-Expo-Fotogtafas-RRSS_4x5-1-scaled.jpg 2048w\" sizes=\"auto, (max-width: 819px) 100vw, 819px\" \/><\/figure>\n\n\n\n<p><strong>INAUGURA EL 3 DE MAYO A LAS 20 HS<\/strong> &#8211; Sala Lidaura Chapitel<\/p>\n\n\n\n<p>Las artistas participantes son: Alejandra Arce \/\/ Andrea Cosentino \/\/ Camila Calderoni \/\/ Chaby Linares \/\/ Francisca P\u00e9rez Verdera \/\/ Gabriela Maurer \/\/ Georgina Salas \/\/ Mar\u00eda Rosa Lovato \/\/ Melisa Fort \/\/ Olivia Gentili Gipler \/\/ Sabrina Giordano \/\/ Suyai Ota\u00f1o \/\/ Toshiro Quintana \/\/ Ver\u00f3nica Arce <\/p>\n\n\n\n<p>Se podr\u00e1 visitar hasta el 22 de mayo, de lunes a viernes de 10 a 12 y de 16 a 20, s\u00e1bados de 15 a 19.<\/p>\n\n\n\n<p><strong>FOT\u00d3GRAFAS DE SAN MART\u00cdN DE LOS ANDES<\/strong><\/p>\n\n\n\n<p>Estamos viviendo un momento \u00fanico en la historia: finalmente estamos hablando sinceramente sobre c\u00f3mo las identidades de los artistas influyen en las artes visuales. Necesitamos redefinir los viejos paradigmas con los que el arte sol\u00eda explicarse, ya que estas versiones no pueden explicar la complejidad de nuestro mundo actual.<\/p>\n\n\n\n<p>La historia nos est\u00e1 ense\u00f1ando la importancia de escuchar y apreciar las voces y visiones que han sido ignoradas. Provocar nuevas perspectivas sobre nuestra imagen del mundo nos permite comprenderlo de manera informada, diversa e inclusiva a trav\u00e9s del arte.<\/p>\n\n\n\n<p>Hoy, 14 fot\u00f3grafas se re\u00fanen en esta exposici\u00f3n para compartir sus experiencias \u00fanicas a trav\u00e9s de sus obras: sus ideas y su visi\u00f3n personal nos ayudan a crear nuevas formas de entendimiento.<\/p>\n","protected":false},"excerpt":{"rendered":"<p>INAUGURA EL 3 DE MAYO A LAS 20 HS &#8211; Sala Lidaura Chapitel Las artistas participantes son: Alejandra Arce \/\/ Andrea Cosentino \/\/ Camila Calderoni \/\/ Chaby Linares \/\/ Francisca P\u00e9rez Verdera \/\/ Gabriela Maurer \/\/ Georgina Salas \/\/ Mar\u00eda Rosa Lovato \/\/ Melisa Fort \/\/ Olivia Gentili Gipler \/\/ Sabrina Giordano \/\/ Suyai Ota\u00f1o \/\/ Toshiro Quintana \/\/ Ver\u00f3nica Arce Se podr\u00e1 visitar hasta &hellip; <a href=\"https:\/\/cultura.sma.gob.ar\/?p=5648\" class=\"more-link\">Continue reading <span class=\"screen-reader-text\">EXPO FOT\u00d3GRAFAS DE SAN MART\u00cdN DE LOS ANDES<\/span><\/a><\/p>\n","protected":false},"author":1,"featured_media":295,"comment_status":"closed","ping_status":"","sticky":false,"template":"","format":"image","meta":{"footnotes":""},"categories":[6,9],"tags":[],"class_list":["post-5648","post","type-post","status-publish","format-image","has-post-thumbnail","hentry","category-sala-lidaura-chapitel","category-ultimas-noticias","post_format-post-format-image"],"_links":{"self":[{"href":"https:\/\/cultura.sma.gob.ar\/index.php?rest_route=\/wp\/v2\/posts\/5648","targetHints":{"allow":["GET"]}}],"collection":[{"href":"https:\/\/cultura.sma.gob.ar\/index.php?rest_route=\/wp\/v2\/posts"}],"about":[{"href":"https:\/\/cultura.sma.gob.ar\/index.php?rest_route=\/wp\/v2\/types\/post"}],"author":[{"embeddable":true,"href":"https:\/\/cultura.sma.gob.ar\/index.php?rest_route=\/wp\/v2\/users\/1"}],"replies":[{"embeddable":true,"href":"https:\/\/cultura.sma.gob.ar\/index.php?rest_route=%2Fwp%2Fv2%2Fcomments&post=5648"}],"version-history":[{"count":1,"href":"https:\/\/cultura.sma.gob.ar\/index.php?rest_route=\/wp\/v2\/posts\/5648\/revisions"}],"predecessor-version":[{"id":5650,"href":"https:\/\/cultura.sma.gob.ar\/index.php?rest_route=\/wp\/v2\/posts\/5648\/revisions\/5650"}],"wp:featuredmedia":[{"embeddable":true,"href":"https:\/\/cultura.sma.gob.ar\/index.php?rest_route=\/wp\/v2\/media\/295"}],"wp:attachment":[{"href":"https:\/\/cultura.sma.gob.ar\/index.php?rest_route=%2Fwp%2Fv2%2Fmedia&parent=5648"}],"wp:term":[{"taxonomy":"category","embeddable":true,"href":"https:\/\/cultura.sma.gob.ar\/index.php?rest_route=%2Fwp%2Fv2%2Fcategories&post=5648"},{"taxonomy":"post_tag","embeddable":true,"href":"https:\/\/cultura.sma.gob.ar\/index.php?rest_route=%2Fwp%2Fv2%2Ftags&post=5648"}],"curies":[{"name":"wp","href":"https:\/\/api.w.org\/{rel}","templated":true}]}}