{"id":5634,"date":"2024-04-30T11:59:13","date_gmt":"2024-04-30T14:59:13","guid":{"rendered":"http:\/\/cultura.sma.gob.ar\/?p=5634"},"modified":"2024-04-30T12:02:15","modified_gmt":"2024-04-30T15:02:15","slug":"se-realizo-el-registro-y-reacondicionamiento-del-patrimonio-artistico-municipal","status":"publish","type":"post","link":"https:\/\/cultura.sma.gob.ar\/?p=5634","title":{"rendered":"Se realiza el registro y reacondicionamiento del Patrimonio Art\u00edstico Municipal"},"content":{"rendered":"\n<figure class=\"wp-block-image size-large\"><img loading=\"lazy\" decoding=\"async\" width=\"1024\" height=\"684\" src=\"https:\/\/cultura.sma.gob.ar\/wp-content\/uploads\/2024\/04\/WhatsApp-Image-2024-04-30-at-11.49.45-AM-1024x684.jpeg\" alt=\"\" class=\"wp-image-5635\" srcset=\"https:\/\/cultura.sma.gob.ar\/wp-content\/uploads\/2024\/04\/WhatsApp-Image-2024-04-30-at-11.49.45-AM-1024x684.jpeg 1024w, https:\/\/cultura.sma.gob.ar\/wp-content\/uploads\/2024\/04\/WhatsApp-Image-2024-04-30-at-11.49.45-AM-300x200.jpeg 300w, https:\/\/cultura.sma.gob.ar\/wp-content\/uploads\/2024\/04\/WhatsApp-Image-2024-04-30-at-11.49.45-AM-768x513.jpeg 768w, https:\/\/cultura.sma.gob.ar\/wp-content\/uploads\/2024\/04\/WhatsApp-Image-2024-04-30-at-11.49.45-AM-1536x1025.jpeg 1536w, https:\/\/cultura.sma.gob.ar\/wp-content\/uploads\/2024\/04\/WhatsApp-Image-2024-04-30-at-11.49.45-AM-135x90.jpeg 135w, https:\/\/cultura.sma.gob.ar\/wp-content\/uploads\/2024\/04\/WhatsApp-Image-2024-04-30-at-11.49.45-AM.jpeg 1600w\" sizes=\"auto, (max-width: 1024px) 100vw, 1024px\" \/><\/figure>\n\n\n\n<p>La Secretar\u00eda de Cultura inici\u00f3 el registro e identificaci\u00f3n de las obras de arte que forman parte del patrimonio municipal. Son obras de diferentes artistas, realizadas desde la d\u00e9cada del 40 hasta el presente. Algunas est\u00e1n exhibidas en dependencias municipales, mientras que otras permanecen a resguardo.<\/p>\n\n\n\n<figure class=\"wp-block-image size-large\"><img loading=\"lazy\" decoding=\"async\" width=\"1024\" height=\"684\" src=\"https:\/\/cultura.sma.gob.ar\/wp-content\/uploads\/2024\/04\/WhatsApp-Image-2024-04-30-at-11.49.47-AM-1-1024x684.jpeg\" alt=\"\" class=\"wp-image-5636\" srcset=\"https:\/\/cultura.sma.gob.ar\/wp-content\/uploads\/2024\/04\/WhatsApp-Image-2024-04-30-at-11.49.47-AM-1-1024x684.jpeg 1024w, https:\/\/cultura.sma.gob.ar\/wp-content\/uploads\/2024\/04\/WhatsApp-Image-2024-04-30-at-11.49.47-AM-1-300x200.jpeg 300w, https:\/\/cultura.sma.gob.ar\/wp-content\/uploads\/2024\/04\/WhatsApp-Image-2024-04-30-at-11.49.47-AM-1-768x513.jpeg 768w, https:\/\/cultura.sma.gob.ar\/wp-content\/uploads\/2024\/04\/WhatsApp-Image-2024-04-30-at-11.49.47-AM-1-1536x1025.jpeg 1536w, https:\/\/cultura.sma.gob.ar\/wp-content\/uploads\/2024\/04\/WhatsApp-Image-2024-04-30-at-11.49.47-AM-1-135x90.jpeg 135w, https:\/\/cultura.sma.gob.ar\/wp-content\/uploads\/2024\/04\/WhatsApp-Image-2024-04-30-at-11.49.47-AM-1.jpeg 1600w\" sizes=\"auto, (max-width: 1024px) 100vw, 1024px\" \/><\/figure>\n\n\n\n<p>El trabajo se realiza en forma conjunta entre el Departamento de Patrimonio Hist\u00f3rico y la Sala Lidaura Chapitel. Si bien este patrimonio ya posee un inventario, faltaban fichas catalogr\u00e1ficas y otras estaban incompletas.<\/p>\n\n\n\n<p>Registrar y reacondicionar el patrimonio art\u00edstico permite contar con un diagn\u00f3stico del estado de conservaci\u00f3n de las obras y tambi\u00e9n servir\u00e1 para difundirlas, ya que se trata de un acervo hist\u00f3rico que pertenece a toda la comunidad.<\/p>\n\n\n\n<div class=\"wp-block-jetpack-tiled-gallery aligncenter is-style-rectangular\"><div class=\"tiled-gallery__gallery\"><div class=\"tiled-gallery__row\"><div class=\"tiled-gallery__col\" style=\"flex-basis:66.8425032090169%\"><figure class=\"tiled-gallery__item\"><img decoding=\"async\" alt=\"\" data-height=\"1068\" data-id=\"5637\" data-link=\"http:\/\/cultura.sma.gob.ar\/?attachment_id=5637\" data-url=\"https:\/\/cultura.sma.gob.ar\/wp-content\/uploads\/2024\/04\/WhatsApp-Image-2024-04-30-at-11.49.46-AM-1.jpeg\" data-width=\"1600\" src=\"https:\/\/i0.wp.com\/cultura.sma.gob.ar\/wp-content\/uploads\/2024\/04\/WhatsApp-Image-2024-04-30-at-11.49.46-AM-1.jpeg?ssl=1\" layout=\"responsive\"\/><\/figure><\/div><div class=\"tiled-gallery__col\" style=\"flex-basis:33.15749679098311%\"><figure class=\"tiled-gallery__item\"><img decoding=\"async\" alt=\"\" data-height=\"1068\" data-id=\"5638\" data-link=\"http:\/\/cultura.sma.gob.ar\/?attachment_id=5638\" data-url=\"https:\/\/cultura.sma.gob.ar\/wp-content\/uploads\/2024\/04\/WhatsApp-Image-2024-04-30-at-11.49.47-AM.jpeg\" data-width=\"1600\" src=\"https:\/\/i2.wp.com\/cultura.sma.gob.ar\/wp-content\/uploads\/2024\/04\/WhatsApp-Image-2024-04-30-at-11.49.47-AM.jpeg?ssl=1\" layout=\"responsive\"\/><\/figure><figure class=\"tiled-gallery__item\"><img decoding=\"async\" alt=\"\" data-height=\"1068\" data-id=\"5639\" data-link=\"http:\/\/cultura.sma.gob.ar\/?attachment_id=5639\" data-url=\"https:\/\/cultura.sma.gob.ar\/wp-content\/uploads\/2024\/04\/WhatsApp-Image-2024-04-30-at-11.49.48-AM-1.jpeg\" data-width=\"1600\" src=\"https:\/\/i2.wp.com\/cultura.sma.gob.ar\/wp-content\/uploads\/2024\/04\/WhatsApp-Image-2024-04-30-at-11.49.48-AM-1.jpeg?ssl=1\" layout=\"responsive\"\/><\/figure><\/div><\/div><div class=\"tiled-gallery__row\"><div class=\"tiled-gallery__col\" style=\"flex-basis:33.33333333333333%\"><figure class=\"tiled-gallery__item\"><img decoding=\"async\" alt=\"\" data-height=\"1068\" data-id=\"5640\" data-link=\"http:\/\/cultura.sma.gob.ar\/?attachment_id=5640\" data-url=\"https:\/\/cultura.sma.gob.ar\/wp-content\/uploads\/2024\/04\/WhatsApp-Image-2024-04-30-at-11.49.48-AM.jpeg\" data-width=\"1600\" src=\"https:\/\/i1.wp.com\/cultura.sma.gob.ar\/wp-content\/uploads\/2024\/04\/WhatsApp-Image-2024-04-30-at-11.49.48-AM.jpeg?ssl=1\" layout=\"responsive\"\/><\/figure><\/div><div class=\"tiled-gallery__col\" style=\"flex-basis:33.33333333333333%\"><figure class=\"tiled-gallery__item\"><img decoding=\"async\" alt=\"\" data-height=\"1068\" data-id=\"5641\" data-link=\"http:\/\/cultura.sma.gob.ar\/?attachment_id=5641\" data-url=\"https:\/\/cultura.sma.gob.ar\/wp-content\/uploads\/2024\/04\/WhatsApp-Image-2024-04-30-at-11.49.49-AM-2.jpeg\" data-width=\"1600\" src=\"https:\/\/i2.wp.com\/cultura.sma.gob.ar\/wp-content\/uploads\/2024\/04\/WhatsApp-Image-2024-04-30-at-11.49.49-AM-2.jpeg?ssl=1\" layout=\"responsive\"\/><\/figure><\/div><div class=\"tiled-gallery__col\" style=\"flex-basis:33.33333333333333%\"><figure class=\"tiled-gallery__item\"><img decoding=\"async\" alt=\"\" data-height=\"1068\" data-id=\"5642\" data-link=\"http:\/\/cultura.sma.gob.ar\/?attachment_id=5642\" data-url=\"https:\/\/cultura.sma.gob.ar\/wp-content\/uploads\/2024\/04\/WhatsApp-Image-2024-04-30-at-11.49.49-AM-1.jpeg\" data-width=\"1600\" src=\"https:\/\/i1.wp.com\/cultura.sma.gob.ar\/wp-content\/uploads\/2024\/04\/WhatsApp-Image-2024-04-30-at-11.49.49-AM-1.jpeg?ssl=1\" layout=\"responsive\"\/><\/figure><\/div><\/div><\/div><\/div>\n","protected":false},"excerpt":{"rendered":"<p>La Secretar\u00eda de Cultura inici\u00f3 el registro e identificaci\u00f3n de las obras de arte que forman parte del patrimonio municipal. Son obras de diferentes artistas, realizadas desde la d\u00e9cada del 40 hasta el presente. Algunas est\u00e1n exhibidas en dependencias municipales, mientras que otras permanecen a resguardo. El trabajo se realiza en forma conjunta entre el Departamento de Patrimonio Hist\u00f3rico y la Sala Lidaura Chapitel. Si &hellip; <a href=\"https:\/\/cultura.sma.gob.ar\/?p=5634\" class=\"more-link\">Continue reading <span class=\"screen-reader-text\">Se realiza el registro y reacondicionamiento del Patrimonio Art\u00edstico Municipal<\/span><\/a><\/p>\n","protected":false},"author":1,"featured_media":291,"comment_status":"closed","ping_status":"","sticky":false,"template":"","format":"image","meta":{"footnotes":""},"categories":[5,6,9],"tags":[],"class_list":["post-5634","post","type-post","status-publish","format-image","has-post-thumbnail","hentry","category-patrimonio-cultural","category-sala-lidaura-chapitel","category-ultimas-noticias","post_format-post-format-image"],"_links":{"self":[{"href":"https:\/\/cultura.sma.gob.ar\/index.php?rest_route=\/wp\/v2\/posts\/5634","targetHints":{"allow":["GET"]}}],"collection":[{"href":"https:\/\/cultura.sma.gob.ar\/index.php?rest_route=\/wp\/v2\/posts"}],"about":[{"href":"https:\/\/cultura.sma.gob.ar\/index.php?rest_route=\/wp\/v2\/types\/post"}],"author":[{"embeddable":true,"href":"https:\/\/cultura.sma.gob.ar\/index.php?rest_route=\/wp\/v2\/users\/1"}],"replies":[{"embeddable":true,"href":"https:\/\/cultura.sma.gob.ar\/index.php?rest_route=%2Fwp%2Fv2%2Fcomments&post=5634"}],"version-history":[{"count":2,"href":"https:\/\/cultura.sma.gob.ar\/index.php?rest_route=\/wp\/v2\/posts\/5634\/revisions"}],"predecessor-version":[{"id":5645,"href":"https:\/\/cultura.sma.gob.ar\/index.php?rest_route=\/wp\/v2\/posts\/5634\/revisions\/5645"}],"wp:featuredmedia":[{"embeddable":true,"href":"https:\/\/cultura.sma.gob.ar\/index.php?rest_route=\/wp\/v2\/media\/291"}],"wp:attachment":[{"href":"https:\/\/cultura.sma.gob.ar\/index.php?rest_route=%2Fwp%2Fv2%2Fmedia&parent=5634"}],"wp:term":[{"taxonomy":"category","embeddable":true,"href":"https:\/\/cultura.sma.gob.ar\/index.php?rest_route=%2Fwp%2Fv2%2Fcategories&post=5634"},{"taxonomy":"post_tag","embeddable":true,"href":"https:\/\/cultura.sma.gob.ar\/index.php?rest_route=%2Fwp%2Fv2%2Ftags&post=5634"}],"curies":[{"name":"wp","href":"https:\/\/api.w.org\/{rel}","templated":true}]}}