{"id":5624,"date":"2024-04-29T10:20:38","date_gmt":"2024-04-29T13:20:38","guid":{"rendered":"http:\/\/cultura.sma.gob.ar\/?p=5624"},"modified":"2024-04-29T10:20:38","modified_gmt":"2024-04-29T13:20:38","slug":"el-fondo-editorial-neuquino-presento-libros-de-autores-locales","status":"publish","type":"post","link":"https:\/\/cultura.sma.gob.ar\/?p=5624","title":{"rendered":"El Fondo Editorial Neuquino present\u00f3 libros de autores locales"},"content":{"rendered":"\n<figure class=\"wp-block-image size-large\"><img loading=\"lazy\" decoding=\"async\" width=\"1024\" height=\"684\" src=\"https:\/\/cultura.sma.gob.ar\/wp-content\/uploads\/2024\/04\/WhatsApp-Image-2024-04-27-at-2.24.23-PM-1024x684.jpeg\" alt=\"\" class=\"wp-image-5625\" srcset=\"https:\/\/cultura.sma.gob.ar\/wp-content\/uploads\/2024\/04\/WhatsApp-Image-2024-04-27-at-2.24.23-PM-1024x684.jpeg 1024w, https:\/\/cultura.sma.gob.ar\/wp-content\/uploads\/2024\/04\/WhatsApp-Image-2024-04-27-at-2.24.23-PM-300x200.jpeg 300w, https:\/\/cultura.sma.gob.ar\/wp-content\/uploads\/2024\/04\/WhatsApp-Image-2024-04-27-at-2.24.23-PM-768x513.jpeg 768w, https:\/\/cultura.sma.gob.ar\/wp-content\/uploads\/2024\/04\/WhatsApp-Image-2024-04-27-at-2.24.23-PM-1536x1025.jpeg 1536w, https:\/\/cultura.sma.gob.ar\/wp-content\/uploads\/2024\/04\/WhatsApp-Image-2024-04-27-at-2.24.23-PM-135x90.jpeg 135w, https:\/\/cultura.sma.gob.ar\/wp-content\/uploads\/2024\/04\/WhatsApp-Image-2024-04-27-at-2.24.23-PM.jpeg 1600w\" sizes=\"auto, (max-width: 1024px) 100vw, 1024px\" \/><\/figure>\n\n\n\n<p>Fue en la Biblioteca Popular 4 de Febrero, el pasado viernes 27 de abril. En el acto, organizado por la Subsecretar\u00eda de Cultura de la Provincia del Neuqu\u00e9n, particip\u00f3 la directora de gesti\u00f3n cultural, Ana Bonet, y Graciela Rend\u00f3n, vocal del Fondo Editorial Neuquino.<\/p>\n\n\n\n<p>All\u00ed se present\u00f3 el libro \u201c<em>Panorama contempor\u00e1neo de poes\u00eda de Neuqu\u00e9n\u201d<\/em>, que cuenta con una notable participaci\u00f3n de poetas de nuestra ciudad, reuniendo poemas de Flavia Carvallo, Marcelo Bardelli, Fernanda Crespo, Marcelo Gobbo, Andr\u00e9s Jeromin, Marisa Godoy, Santiago Loustaunau, Marcela Lucero, Irene Lozza, Natalia Amendolaro, Ayel\u00e9n Mart\u00ednez, Tamara Padr\u00f3n Abreu, Jerem\u00edas Neumeyer, Nadia Quantran, Carla Potenza, Daniela Smeke, Mariana Taberniso, Daniel T\u00f3rtora, Mar\u00eda Cristina Venturini y Rafael Urretabizkaya.<\/p>\n\n\n\n<figure class=\"wp-block-image size-large\"><img loading=\"lazy\" decoding=\"async\" width=\"1024\" height=\"684\" src=\"https:\/\/cultura.sma.gob.ar\/wp-content\/uploads\/2024\/04\/WhatsApp-Image-2024-04-27-at-2.24.22-PM-3-1024x684.jpeg\" alt=\"\" class=\"wp-image-5626\" srcset=\"https:\/\/cultura.sma.gob.ar\/wp-content\/uploads\/2024\/04\/WhatsApp-Image-2024-04-27-at-2.24.22-PM-3-1024x684.jpeg 1024w, https:\/\/cultura.sma.gob.ar\/wp-content\/uploads\/2024\/04\/WhatsApp-Image-2024-04-27-at-2.24.22-PM-3-300x200.jpeg 300w, https:\/\/cultura.sma.gob.ar\/wp-content\/uploads\/2024\/04\/WhatsApp-Image-2024-04-27-at-2.24.22-PM-3-768x513.jpeg 768w, https:\/\/cultura.sma.gob.ar\/wp-content\/uploads\/2024\/04\/WhatsApp-Image-2024-04-27-at-2.24.22-PM-3-1536x1025.jpeg 1536w, https:\/\/cultura.sma.gob.ar\/wp-content\/uploads\/2024\/04\/WhatsApp-Image-2024-04-27-at-2.24.22-PM-3-135x90.jpeg 135w, https:\/\/cultura.sma.gob.ar\/wp-content\/uploads\/2024\/04\/WhatsApp-Image-2024-04-27-at-2.24.22-PM-3.jpeg 1600w\" sizes=\"auto, (max-width: 1024px) 100vw, 1024px\" \/><\/figure>\n\n\n\n<p>Tambi\u00e9n se presentaron los libros \u201cR\u00edos cuando pienso\u201d, panorama de poes\u00eda y narrativa joven, que incluye obras de los locales Carla Maltese y Felipe Urretabizcaya, y \u201c\u00bfQu\u00e9 quer\u00e9s ser cuando seas cuento?\u201d, resultado de la convocatoria 2021 del FEN de narrativa para infancias, en las que fueron seleccionadas obras de Graciela Castro, Nadia Quantran, Daniela Smeke, Irene Lozza, Mar\u00eda Cristina Venturini, Mar\u00eda Martha Paz, Rafael Urretabizkaya y Andr\u00e9s Jeromin.<\/p>\n\n\n\n<p>Estos libros forman parte de las \u00faltimas ediciones del Fondo Editorial Neuquino, que inici\u00f3 una nueva y prospera etapa luego de la sanci\u00f3n de la Ley N\u00ba 3164.<\/p>\n","protected":false},"excerpt":{"rendered":"<p>Fue en la Biblioteca Popular 4 de Febrero, el pasado viernes 27 de abril. En el acto, organizado por la Subsecretar\u00eda de Cultura de la Provincia del Neuqu\u00e9n, particip\u00f3 la directora de gesti\u00f3n cultural, Ana Bonet, y Graciela Rend\u00f3n, vocal del Fondo Editorial Neuquino. All\u00ed se present\u00f3 el libro \u201cPanorama contempor\u00e1neo de poes\u00eda de Neuqu\u00e9n\u201d, que cuenta con una notable participaci\u00f3n de poetas de nuestra &hellip; <a href=\"https:\/\/cultura.sma.gob.ar\/?p=5624\" class=\"more-link\">Continue reading <span class=\"screen-reader-text\">El Fondo Editorial Neuquino present\u00f3 libros de autores locales<\/span><\/a><\/p>\n","protected":false},"author":1,"featured_media":293,"comment_status":"closed","ping_status":"","sticky":false,"template":"","format":"image","meta":{"footnotes":""},"categories":[9],"tags":[],"class_list":["post-5624","post","type-post","status-publish","format-image","has-post-thumbnail","hentry","category-ultimas-noticias","post_format-post-format-image"],"_links":{"self":[{"href":"https:\/\/cultura.sma.gob.ar\/index.php?rest_route=\/wp\/v2\/posts\/5624","targetHints":{"allow":["GET"]}}],"collection":[{"href":"https:\/\/cultura.sma.gob.ar\/index.php?rest_route=\/wp\/v2\/posts"}],"about":[{"href":"https:\/\/cultura.sma.gob.ar\/index.php?rest_route=\/wp\/v2\/types\/post"}],"author":[{"embeddable":true,"href":"https:\/\/cultura.sma.gob.ar\/index.php?rest_route=\/wp\/v2\/users\/1"}],"replies":[{"embeddable":true,"href":"https:\/\/cultura.sma.gob.ar\/index.php?rest_route=%2Fwp%2Fv2%2Fcomments&post=5624"}],"version-history":[{"count":1,"href":"https:\/\/cultura.sma.gob.ar\/index.php?rest_route=\/wp\/v2\/posts\/5624\/revisions"}],"predecessor-version":[{"id":5627,"href":"https:\/\/cultura.sma.gob.ar\/index.php?rest_route=\/wp\/v2\/posts\/5624\/revisions\/5627"}],"wp:featuredmedia":[{"embeddable":true,"href":"https:\/\/cultura.sma.gob.ar\/index.php?rest_route=\/wp\/v2\/media\/293"}],"wp:attachment":[{"href":"https:\/\/cultura.sma.gob.ar\/index.php?rest_route=%2Fwp%2Fv2%2Fmedia&parent=5624"}],"wp:term":[{"taxonomy":"category","embeddable":true,"href":"https:\/\/cultura.sma.gob.ar\/index.php?rest_route=%2Fwp%2Fv2%2Fcategories&post=5624"},{"taxonomy":"post_tag","embeddable":true,"href":"https:\/\/cultura.sma.gob.ar\/index.php?rest_route=%2Fwp%2Fv2%2Ftags&post=5624"}],"curies":[{"name":"wp","href":"https:\/\/api.w.org\/{rel}","templated":true}]}}