{"id":5618,"date":"2024-04-26T12:52:27","date_gmt":"2024-04-26T15:52:27","guid":{"rendered":"http:\/\/cultura.sma.gob.ar\/?p=5618"},"modified":"2024-05-06T13:08:55","modified_gmt":"2024-05-06T16:08:55","slug":"escuelas-comenzo-la-reserva-de-funciones-para-asistir-al-festival-de-titeres","status":"publish","type":"post","link":"https:\/\/cultura.sma.gob.ar\/?p=5618","title":{"rendered":"Escuelas: comenz\u00f3 la reserva de funciones para asistir al Festival de t\u00edteres"},"content":{"rendered":"\n<figure class=\"wp-block-image size-large\"><img loading=\"lazy\" decoding=\"async\" width=\"1024\" height=\"683\" src=\"https:\/\/cultura.sma.gob.ar\/wp-content\/uploads\/2024\/04\/WhatsApp-Image-2024-04-26-at-12.47.42-PM-2-1024x683.jpeg\" alt=\"\" class=\"wp-image-5619\" srcset=\"https:\/\/cultura.sma.gob.ar\/wp-content\/uploads\/2024\/04\/WhatsApp-Image-2024-04-26-at-12.47.42-PM-2-1024x683.jpeg 1024w, https:\/\/cultura.sma.gob.ar\/wp-content\/uploads\/2024\/04\/WhatsApp-Image-2024-04-26-at-12.47.42-PM-2-300x200.jpeg 300w, https:\/\/cultura.sma.gob.ar\/wp-content\/uploads\/2024\/04\/WhatsApp-Image-2024-04-26-at-12.47.42-PM-2-768x512.jpeg 768w, https:\/\/cultura.sma.gob.ar\/wp-content\/uploads\/2024\/04\/WhatsApp-Image-2024-04-26-at-12.47.42-PM-2-135x90.jpeg 135w, https:\/\/cultura.sma.gob.ar\/wp-content\/uploads\/2024\/04\/WhatsApp-Image-2024-04-26-at-12.47.42-PM-2.jpeg 1280w\" sizes=\"auto, (max-width: 1024px) 100vw, 1024px\" \/><\/figure>\n\n\n\n<p>Entre el 13 y 19 de mayo se realizar\u00e1 en nuestra ciudad el 16\u00ba Festival Internacional de T\u00edteres, que en esta oportunidad contar\u00e1 con compa\u00f1\u00edas provenientes de Chile, C\u00f3rdoba, Buenos Aires, Chubut y R\u00edo Negro.<\/p>\n\n\n\n<p>En nuestra ciudad el evento incluir\u00e1 45 funciones a desarrollarse en el Teatro San Jos\u00e9, el Centro Cultural Cotesma y Espacio Trama. Las \u201cfunciones para escuelas y jardines\u201d ser\u00e1n un total de 40 y ya se est\u00e1n tomando reservas. Cada una de estas funciones est\u00e1 destinada a un ciclo escolar espec\u00edfico. <\/p>\n\n\n\n<figure class=\"wp-block-image size-large\"><img loading=\"lazy\" decoding=\"async\" width=\"1024\" height=\"683\" src=\"https:\/\/cultura.sma.gob.ar\/wp-content\/uploads\/2024\/04\/WhatsApp-Image-2024-04-26-at-12.47.41-PM-1024x683.jpeg\" alt=\"\" class=\"wp-image-5620\" srcset=\"https:\/\/cultura.sma.gob.ar\/wp-content\/uploads\/2024\/04\/WhatsApp-Image-2024-04-26-at-12.47.41-PM-1024x683.jpeg 1024w, https:\/\/cultura.sma.gob.ar\/wp-content\/uploads\/2024\/04\/WhatsApp-Image-2024-04-26-at-12.47.41-PM-300x200.jpeg 300w, https:\/\/cultura.sma.gob.ar\/wp-content\/uploads\/2024\/04\/WhatsApp-Image-2024-04-26-at-12.47.41-PM-768x512.jpeg 768w, https:\/\/cultura.sma.gob.ar\/wp-content\/uploads\/2024\/04\/WhatsApp-Image-2024-04-26-at-12.47.41-PM-135x90.jpeg 135w, https:\/\/cultura.sma.gob.ar\/wp-content\/uploads\/2024\/04\/WhatsApp-Image-2024-04-26-at-12.47.41-PM.jpeg 1280w\" sizes=\"auto, (max-width: 1024px) 100vw, 1024px\" \/><\/figure>\n\n\n\n<p>Para mayor informaci\u00f3n acerca de las obras que se van a presentar les sugerimos <a href=\"https:\/\/drive.google.com\/drive\/folders\/1OIAKhUNZuZcppcxUyd_xJZFo5zpL1nW7?usp=sharing\">acceder a este enlace<\/a>.<\/p>\n\n\n\n<p>Es muy importante reservar con la mayor antelaci\u00f3n posible a fin de asegurarse un espacio en el evento. Para esto deben escribir al 2972 531250 (WhatsApp) o llamar al 427315, interno 361, de lunes a viernes, entre las 8 y las 15 hs.<\/p>\n\n\n\n<figure class=\"wp-block-image size-large\"><img loading=\"lazy\" decoding=\"async\" width=\"1024\" height=\"683\" src=\"https:\/\/cultura.sma.gob.ar\/wp-content\/uploads\/2024\/04\/WhatsApp-Image-2024-04-26-at-12.47.42-PM-1024x683.jpeg\" alt=\"\" class=\"wp-image-5621\" srcset=\"https:\/\/cultura.sma.gob.ar\/wp-content\/uploads\/2024\/04\/WhatsApp-Image-2024-04-26-at-12.47.42-PM-1024x683.jpeg 1024w, https:\/\/cultura.sma.gob.ar\/wp-content\/uploads\/2024\/04\/WhatsApp-Image-2024-04-26-at-12.47.42-PM-300x200.jpeg 300w, https:\/\/cultura.sma.gob.ar\/wp-content\/uploads\/2024\/04\/WhatsApp-Image-2024-04-26-at-12.47.42-PM-768x512.jpeg 768w, https:\/\/cultura.sma.gob.ar\/wp-content\/uploads\/2024\/04\/WhatsApp-Image-2024-04-26-at-12.47.42-PM-135x90.jpeg 135w, https:\/\/cultura.sma.gob.ar\/wp-content\/uploads\/2024\/04\/WhatsApp-Image-2024-04-26-at-12.47.42-PM.jpeg 1280w\" sizes=\"auto, (max-width: 1024px) 100vw, 1024px\" \/><\/figure>\n\n\n\n<p>El 16\u00b0 Festival Internacional de T\u00edteres se realiza con el apoyo y la participaci\u00f3n del Complejo Casa de las Leyes, dependiente de la Legislatura de la Provincia del Neuqu\u00e9n. Su organizaci\u00f3n est\u00e1 a cargo de la Secretar\u00eda de Cultura de nuestra ciudad y del grupo La Pelela T\u00edteres. Y este a\u00f1o se suma a la propuesta la Secretar\u00eda de las Culturas de Municipio de Jun\u00edn de los Andes, donde se realizar\u00e1n 18 funciones.<\/p>\n","protected":false},"excerpt":{"rendered":"<p>Entre el 13 y 19 de mayo se realizar\u00e1 en nuestra ciudad el 16\u00ba Festival Internacional de T\u00edteres, que en esta oportunidad contar\u00e1 con compa\u00f1\u00edas provenientes de Chile, C\u00f3rdoba, Buenos Aires, Chubut y R\u00edo Negro. En nuestra ciudad el evento incluir\u00e1 45 funciones a desarrollarse en el Teatro San Jos\u00e9, el Centro Cultural Cotesma y Espacio Trama. Las \u201cfunciones para escuelas y jardines\u201d ser\u00e1n un &hellip; <a href=\"https:\/\/cultura.sma.gob.ar\/?p=5618\" class=\"more-link\">Continue reading <span class=\"screen-reader-text\">Escuelas: comenz\u00f3 la reserva de funciones para asistir al Festival de t\u00edteres<\/span><\/a><\/p>\n","protected":false},"author":1,"featured_media":296,"comment_status":"closed","ping_status":"","sticky":false,"template":"","format":"image","meta":{"footnotes":""},"categories":[3,9],"tags":[],"class_list":["post-5618","post","type-post","status-publish","format-image","has-post-thumbnail","hentry","category-eventos-cultura","category-ultimas-noticias","post_format-post-format-image"],"_links":{"self":[{"href":"https:\/\/cultura.sma.gob.ar\/index.php?rest_route=\/wp\/v2\/posts\/5618","targetHints":{"allow":["GET"]}}],"collection":[{"href":"https:\/\/cultura.sma.gob.ar\/index.php?rest_route=\/wp\/v2\/posts"}],"about":[{"href":"https:\/\/cultura.sma.gob.ar\/index.php?rest_route=\/wp\/v2\/types\/post"}],"author":[{"embeddable":true,"href":"https:\/\/cultura.sma.gob.ar\/index.php?rest_route=\/wp\/v2\/users\/1"}],"replies":[{"embeddable":true,"href":"https:\/\/cultura.sma.gob.ar\/index.php?rest_route=%2Fwp%2Fv2%2Fcomments&post=5618"}],"version-history":[{"count":4,"href":"https:\/\/cultura.sma.gob.ar\/index.php?rest_route=\/wp\/v2\/posts\/5618\/revisions"}],"predecessor-version":[{"id":5662,"href":"https:\/\/cultura.sma.gob.ar\/index.php?rest_route=\/wp\/v2\/posts\/5618\/revisions\/5662"}],"wp:featuredmedia":[{"embeddable":true,"href":"https:\/\/cultura.sma.gob.ar\/index.php?rest_route=\/wp\/v2\/media\/296"}],"wp:attachment":[{"href":"https:\/\/cultura.sma.gob.ar\/index.php?rest_route=%2Fwp%2Fv2%2Fmedia&parent=5618"}],"wp:term":[{"taxonomy":"category","embeddable":true,"href":"https:\/\/cultura.sma.gob.ar\/index.php?rest_route=%2Fwp%2Fv2%2Fcategories&post=5618"},{"taxonomy":"post_tag","embeddable":true,"href":"https:\/\/cultura.sma.gob.ar\/index.php?rest_route=%2Fwp%2Fv2%2Ftags&post=5618"}],"curies":[{"name":"wp","href":"https:\/\/api.w.org\/{rel}","templated":true}]}}