{"id":5600,"date":"2024-04-24T16:42:03","date_gmt":"2024-04-24T19:42:03","guid":{"rendered":"http:\/\/cultura.sma.gob.ar\/?p=5600"},"modified":"2024-04-24T16:42:03","modified_gmt":"2024-04-24T19:42:03","slug":"se-efectivizo-la-entrega-de-productos-del-relevamiento-y-valoracion-de-inmuebles-que-forman-parte-del-patrimonio-arquitectonico-de-san-martin-de-los-andes-al-intendente-carlos-saloniti","status":"publish","type":"post","link":"https:\/\/cultura.sma.gob.ar\/?p=5600","title":{"rendered":"Se efectiviz\u00f3 la entrega de productos del &#8220;Relevamiento y valoraci\u00f3n de inmuebles que forman parte del patrimonio arquitect\u00f3nico de San Mart\u00edn de los Andes&#8221; al intendente Carlos Saloniti"},"content":{"rendered":"\n<figure class=\"wp-block-image size-large\"><img loading=\"lazy\" decoding=\"async\" width=\"1024\" height=\"684\" src=\"https:\/\/cultura.sma.gob.ar\/wp-content\/uploads\/2024\/04\/WhatsApp-Image-2024-04-24-at-12.30.57-PM-1024x684.jpeg\" alt=\"\" class=\"wp-image-5601\" srcset=\"https:\/\/cultura.sma.gob.ar\/wp-content\/uploads\/2024\/04\/WhatsApp-Image-2024-04-24-at-12.30.57-PM-1024x684.jpeg 1024w, https:\/\/cultura.sma.gob.ar\/wp-content\/uploads\/2024\/04\/WhatsApp-Image-2024-04-24-at-12.30.57-PM-300x200.jpeg 300w, https:\/\/cultura.sma.gob.ar\/wp-content\/uploads\/2024\/04\/WhatsApp-Image-2024-04-24-at-12.30.57-PM-768x513.jpeg 768w, https:\/\/cultura.sma.gob.ar\/wp-content\/uploads\/2024\/04\/WhatsApp-Image-2024-04-24-at-12.30.57-PM-1536x1025.jpeg 1536w, https:\/\/cultura.sma.gob.ar\/wp-content\/uploads\/2024\/04\/WhatsApp-Image-2024-04-24-at-12.30.57-PM-135x90.jpeg 135w, https:\/\/cultura.sma.gob.ar\/wp-content\/uploads\/2024\/04\/WhatsApp-Image-2024-04-24-at-12.30.57-PM.jpeg 1600w\" sizes=\"auto, (max-width: 1024px) 100vw, 1024px\" \/><\/figure>\n\n\n\n<p>Durante la ma\u00f1ana del  mi\u00e9rcoles 24 de abril, en el sal\u00f3n Fontanive, se realiz\u00f3 la entrega de productos resultantes del estudio &#8220;Relevamiento y valoraci\u00f3n de inmuebles que forman parte del patrimonio arquitect\u00f3nico de San Mart\u00edn de los Andes&#8221; al intendente de nuestra ciudad, por parte de los arquitectos Brenda Roberts y Alejandro I\u00f3dice y el gu\u00eda universitario de turismo Omar Recalde.<\/p>\n\n\n\n<p>El estudio fue realizado por los profesionales mencionados, quienes fueron contratados por el CFI mediante una gesti\u00f3n realizada a trav\u00e9s de COPADE. Tambi\u00e9n particip\u00f3 en el relevamiento el fot\u00f3grafo Leonardo Guevara.<\/p>\n\n\n\n<figure class=\"wp-block-image size-large\"><img loading=\"lazy\" decoding=\"async\" width=\"1024\" height=\"684\" src=\"https:\/\/cultura.sma.gob.ar\/wp-content\/uploads\/2024\/04\/WhatsApp-Image-2024-04-24-at-12.30.57-PM-1-1024x684.jpeg\" alt=\"\" class=\"wp-image-5602\" srcset=\"https:\/\/cultura.sma.gob.ar\/wp-content\/uploads\/2024\/04\/WhatsApp-Image-2024-04-24-at-12.30.57-PM-1-1024x684.jpeg 1024w, https:\/\/cultura.sma.gob.ar\/wp-content\/uploads\/2024\/04\/WhatsApp-Image-2024-04-24-at-12.30.57-PM-1-300x200.jpeg 300w, https:\/\/cultura.sma.gob.ar\/wp-content\/uploads\/2024\/04\/WhatsApp-Image-2024-04-24-at-12.30.57-PM-1-768x513.jpeg 768w, https:\/\/cultura.sma.gob.ar\/wp-content\/uploads\/2024\/04\/WhatsApp-Image-2024-04-24-at-12.30.57-PM-1-1536x1025.jpeg 1536w, https:\/\/cultura.sma.gob.ar\/wp-content\/uploads\/2024\/04\/WhatsApp-Image-2024-04-24-at-12.30.57-PM-1-135x90.jpeg 135w, https:\/\/cultura.sma.gob.ar\/wp-content\/uploads\/2024\/04\/WhatsApp-Image-2024-04-24-at-12.30.57-PM-1.jpeg 1600w\" sizes=\"auto, (max-width: 1024px) 100vw, 1024px\" \/><\/figure>\n\n\n\n<p>El estudio consta de un trabajo que dur\u00f3 10 meses y que consisti\u00f3 en la identificaci\u00f3n, relevamiento y catalogaci\u00f3n de 135 inmuebles que integran el listado de bienes del patrimonio arquitect\u00f3nico, urban\u00edstico y paisaj\u00edstico desde la d\u00e9cada del 90.<\/p>\n\n\n\n<p>Los productos entregados incluyen la documentaci\u00f3n de cada inmueble, desde la ubicaci\u00f3n catastral y descripci\u00f3n t\u00e9cnica hasta una sinopsis hist\u00f3rica, con fotos actualizadas. Estos documentos tambi\u00e9n se recibieron en formato digital.\u00a0<\/p>\n\n\n\n<figure class=\"wp-block-image size-large\"><img loading=\"lazy\" decoding=\"async\" width=\"1024\" height=\"684\" src=\"https:\/\/cultura.sma.gob.ar\/wp-content\/uploads\/2024\/04\/WhatsApp-Image-2024-04-24-at-12.30.57-PM-2-1024x684.jpeg\" alt=\"\" class=\"wp-image-5603\" srcset=\"https:\/\/cultura.sma.gob.ar\/wp-content\/uploads\/2024\/04\/WhatsApp-Image-2024-04-24-at-12.30.57-PM-2-1024x684.jpeg 1024w, https:\/\/cultura.sma.gob.ar\/wp-content\/uploads\/2024\/04\/WhatsApp-Image-2024-04-24-at-12.30.57-PM-2-300x200.jpeg 300w, https:\/\/cultura.sma.gob.ar\/wp-content\/uploads\/2024\/04\/WhatsApp-Image-2024-04-24-at-12.30.57-PM-2-768x513.jpeg 768w, https:\/\/cultura.sma.gob.ar\/wp-content\/uploads\/2024\/04\/WhatsApp-Image-2024-04-24-at-12.30.57-PM-2-1536x1025.jpeg 1536w, https:\/\/cultura.sma.gob.ar\/wp-content\/uploads\/2024\/04\/WhatsApp-Image-2024-04-24-at-12.30.57-PM-2-135x90.jpeg 135w, https:\/\/cultura.sma.gob.ar\/wp-content\/uploads\/2024\/04\/WhatsApp-Image-2024-04-24-at-12.30.57-PM-2.jpeg 1600w\" sizes=\"auto, (max-width: 1024px) 100vw, 1024px\" \/><\/figure>\n\n\n\n<p>Por otra parte, se entregaron recomendaciones en relaci\u00f3n al alcance de la protecci\u00f3n de cada inmueble, eventuales incentivos y la elaboraci\u00f3n de dispositivos de difusi\u00f3n, entre otros documentos.<\/p>\n\n\n\n<p>El producto de este relevamiento reviste una importante relevancia y necesidad para una gesti\u00f3n m\u00e1s eficiente del patrimonio arquitect\u00f3nico de la ciudad y para agilizar el funcionamiento de la Comisi\u00f3n Municipal de Preservaci\u00f3n del Patrimonio Cultural, que cuenta con la participaci\u00f3n de varias instituciones vinculadas a esta tem\u00e1tica.<\/p>\n\n\n\n<div class=\"wp-block-jetpack-tiled-gallery aligncenter is-style-rectangular\"><div class=\"tiled-gallery__gallery\"><div class=\"tiled-gallery__row\"><div class=\"tiled-gallery__col\" style=\"flex-basis:50%\"><figure class=\"tiled-gallery__item\"><img decoding=\"async\" alt=\"\" data-height=\"1068\" data-id=\"5604\" data-link=\"https:\/\/cultura.sma.gob.ar\/?attachment_id=5604\" data-url=\"https:\/\/cultura.sma.gob.ar\/wp-content\/uploads\/2024\/04\/WhatsApp-Image-2024-04-24-at-12.30.57-PM-4.jpeg\" data-width=\"1600\" src=\"https:\/\/i1.wp.com\/cultura.sma.gob.ar\/wp-content\/uploads\/2024\/04\/WhatsApp-Image-2024-04-24-at-12.30.57-PM-4.jpeg?ssl=1\" layout=\"responsive\"\/><\/figure><\/div><div class=\"tiled-gallery__col\" style=\"flex-basis:50%\"><figure class=\"tiled-gallery__item\"><img decoding=\"async\" alt=\"\" data-height=\"1068\" data-id=\"5605\" data-link=\"https:\/\/cultura.sma.gob.ar\/?attachment_id=5605\" data-url=\"https:\/\/cultura.sma.gob.ar\/wp-content\/uploads\/2024\/04\/WhatsApp-Image-2024-04-24-at-12.30.57-PM-3.jpeg\" data-width=\"1600\" src=\"https:\/\/i0.wp.com\/cultura.sma.gob.ar\/wp-content\/uploads\/2024\/04\/WhatsApp-Image-2024-04-24-at-12.30.57-PM-3.jpeg?ssl=1\" layout=\"responsive\"\/><\/figure><\/div><\/div><\/div><\/div>\n","protected":false},"excerpt":{"rendered":"<p>Durante la ma\u00f1ana del mi\u00e9rcoles 24 de abril, en el sal\u00f3n Fontanive, se realiz\u00f3 la entrega de productos resultantes del estudio &#8220;Relevamiento y valoraci\u00f3n de inmuebles que forman parte del patrimonio arquitect\u00f3nico de San Mart\u00edn de los Andes&#8221; al intendente de nuestra ciudad, por parte de los arquitectos Brenda Roberts y Alejandro I\u00f3dice y el gu\u00eda universitario de turismo Omar Recalde. El estudio fue realizado &hellip; <a href=\"https:\/\/cultura.sma.gob.ar\/?p=5600\" class=\"more-link\">Continue reading <span class=\"screen-reader-text\">Se efectiviz\u00f3 la entrega de productos del &#8220;Relevamiento y valoraci\u00f3n de inmuebles que forman parte del patrimonio arquitect\u00f3nico de San Mart\u00edn de los Andes&#8221; al intendente Carlos Saloniti<\/span><\/a><\/p>\n","protected":false},"author":1,"featured_media":291,"comment_status":"closed","ping_status":"","sticky":false,"template":"","format":"image","meta":{"footnotes":""},"categories":[5,9],"tags":[],"class_list":["post-5600","post","type-post","status-publish","format-image","has-post-thumbnail","hentry","category-patrimonio-cultural","category-ultimas-noticias","post_format-post-format-image"],"_links":{"self":[{"href":"https:\/\/cultura.sma.gob.ar\/index.php?rest_route=\/wp\/v2\/posts\/5600","targetHints":{"allow":["GET"]}}],"collection":[{"href":"https:\/\/cultura.sma.gob.ar\/index.php?rest_route=\/wp\/v2\/posts"}],"about":[{"href":"https:\/\/cultura.sma.gob.ar\/index.php?rest_route=\/wp\/v2\/types\/post"}],"author":[{"embeddable":true,"href":"https:\/\/cultura.sma.gob.ar\/index.php?rest_route=\/wp\/v2\/users\/1"}],"replies":[{"embeddable":true,"href":"https:\/\/cultura.sma.gob.ar\/index.php?rest_route=%2Fwp%2Fv2%2Fcomments&post=5600"}],"version-history":[{"count":1,"href":"https:\/\/cultura.sma.gob.ar\/index.php?rest_route=\/wp\/v2\/posts\/5600\/revisions"}],"predecessor-version":[{"id":5606,"href":"https:\/\/cultura.sma.gob.ar\/index.php?rest_route=\/wp\/v2\/posts\/5600\/revisions\/5606"}],"wp:featuredmedia":[{"embeddable":true,"href":"https:\/\/cultura.sma.gob.ar\/index.php?rest_route=\/wp\/v2\/media\/291"}],"wp:attachment":[{"href":"https:\/\/cultura.sma.gob.ar\/index.php?rest_route=%2Fwp%2Fv2%2Fmedia&parent=5600"}],"wp:term":[{"taxonomy":"category","embeddable":true,"href":"https:\/\/cultura.sma.gob.ar\/index.php?rest_route=%2Fwp%2Fv2%2Fcategories&post=5600"},{"taxonomy":"post_tag","embeddable":true,"href":"https:\/\/cultura.sma.gob.ar\/index.php?rest_route=%2Fwp%2Fv2%2Ftags&post=5600"}],"curies":[{"name":"wp","href":"https:\/\/api.w.org\/{rel}","templated":true}]}}