{"id":5594,"date":"2024-04-24T16:37:54","date_gmt":"2024-04-24T19:37:54","guid":{"rendered":"http:\/\/cultura.sma.gob.ar\/?p=5594"},"modified":"2024-04-24T16:37:54","modified_gmt":"2024-04-24T19:37:54","slug":"distincion-al-merito-al-compositor-pablo-roberto","status":"publish","type":"post","link":"https:\/\/cultura.sma.gob.ar\/?p=5594","title":{"rendered":"Distinci\u00f3n al m\u00e9rito al compositor Pablo Roberto"},"content":{"rendered":"\n<figure class=\"wp-block-image size-large\"><img loading=\"lazy\" decoding=\"async\" width=\"1024\" height=\"684\" src=\"https:\/\/cultura.sma.gob.ar\/wp-content\/uploads\/2024\/04\/WhatsApp-Image-2024-04-24-at-12.30.25-PM-1024x684.jpeg\" alt=\"\" class=\"wp-image-5596\" srcset=\"https:\/\/cultura.sma.gob.ar\/wp-content\/uploads\/2024\/04\/WhatsApp-Image-2024-04-24-at-12.30.25-PM-1024x684.jpeg 1024w, https:\/\/cultura.sma.gob.ar\/wp-content\/uploads\/2024\/04\/WhatsApp-Image-2024-04-24-at-12.30.25-PM-300x200.jpeg 300w, https:\/\/cultura.sma.gob.ar\/wp-content\/uploads\/2024\/04\/WhatsApp-Image-2024-04-24-at-12.30.25-PM-768x513.jpeg 768w, https:\/\/cultura.sma.gob.ar\/wp-content\/uploads\/2024\/04\/WhatsApp-Image-2024-04-24-at-12.30.25-PM-1536x1025.jpeg 1536w, https:\/\/cultura.sma.gob.ar\/wp-content\/uploads\/2024\/04\/WhatsApp-Image-2024-04-24-at-12.30.25-PM-135x90.jpeg 135w, https:\/\/cultura.sma.gob.ar\/wp-content\/uploads\/2024\/04\/WhatsApp-Image-2024-04-24-at-12.30.25-PM.jpeg 1600w\" sizes=\"auto, (max-width: 1024px) 100vw, 1024px\" \/><\/figure>\n\n\n\n<p>Durante la ma\u00f1ana de este mi\u00e9rcoles 24 de abril, en el sal\u00f3n Fontanive, se hizo entrega de la distinci\u00f3n al m\u00e9rito al Maestro Pablo Roberto, por haber recibido el 1\u00ba Premio en el Concurso Internacional de Composici\u00f3n de la Sociedad Siero Musical, de Pola de Siero (Espa\u00f1a), y por su extensa y reconocida trayectoria como compositor musical.<\/p>\n\n\n\n<p>Del acto participaron el intendente de nuestra ciudad, Carlos Saloniti, y el secretario de cultura, Gustavo Santos.<\/p>\n\n\n\n<figure class=\"wp-block-image size-large\"><img loading=\"lazy\" decoding=\"async\" width=\"1024\" height=\"684\" src=\"https:\/\/cultura.sma.gob.ar\/wp-content\/uploads\/2024\/04\/WhatsApp-Image-2024-04-24-at-12.30.25-PM-1-1024x684.jpeg\" alt=\"\" class=\"wp-image-5597\" srcset=\"https:\/\/cultura.sma.gob.ar\/wp-content\/uploads\/2024\/04\/WhatsApp-Image-2024-04-24-at-12.30.25-PM-1-1024x684.jpeg 1024w, https:\/\/cultura.sma.gob.ar\/wp-content\/uploads\/2024\/04\/WhatsApp-Image-2024-04-24-at-12.30.25-PM-1-300x200.jpeg 300w, https:\/\/cultura.sma.gob.ar\/wp-content\/uploads\/2024\/04\/WhatsApp-Image-2024-04-24-at-12.30.25-PM-1-768x513.jpeg 768w, https:\/\/cultura.sma.gob.ar\/wp-content\/uploads\/2024\/04\/WhatsApp-Image-2024-04-24-at-12.30.25-PM-1-1536x1025.jpeg 1536w, https:\/\/cultura.sma.gob.ar\/wp-content\/uploads\/2024\/04\/WhatsApp-Image-2024-04-24-at-12.30.25-PM-1-135x90.jpeg 135w, https:\/\/cultura.sma.gob.ar\/wp-content\/uploads\/2024\/04\/WhatsApp-Image-2024-04-24-at-12.30.25-PM-1.jpeg 1600w\" sizes=\"auto, (max-width: 1024px) 100vw, 1024px\" \/><\/figure>\n\n\n\n<p>Pablo Roberto es profesor en &#8220;Direcci\u00f3n Coral&#8221; graduado en el Conservatorio de M\u00fasica &#8220;Juli\u00e1n Aguirre&#8221; de Buenos Aires, donde tambi\u00e9n estudi\u00f3 guitarra y composici\u00f3n. Desde el a\u00f1o 2005 realiza una intensa labor como director y arreglador de coros vocacionales.<\/p>\n\n\n\n<p>Actualmente reside en la ciudad de San Mart\u00edn de los Andes, Neuqu\u00e9n, Patagonia Argentina, donde es director y arreglador del coro &#8220;Vocal de los Andes&#8221;.<\/p>\n\n\n\n<p>En 2021 su proyecto fue seleccionado por el Consejo Nacional Coral, \u00f3rgano evaluador de la Convocatoria de Fomento a la Actividad Coral Argentina 2021, para recibir un subsidio e interpretar la \u201cMisa Criolla\u201d de Ariel Ram\u00edrez en diferentes localidades de la Patagonia Argentina.<\/p>\n\n\n\n<figure class=\"wp-block-image size-large\"><img loading=\"lazy\" decoding=\"async\" width=\"1024\" height=\"684\" src=\"https:\/\/cultura.sma.gob.ar\/wp-content\/uploads\/2024\/04\/WhatsApp-Image-2024-04-24-at-12.30.25-PM-2-1024x684.jpeg\" alt=\"\" class=\"wp-image-5598\" srcset=\"https:\/\/cultura.sma.gob.ar\/wp-content\/uploads\/2024\/04\/WhatsApp-Image-2024-04-24-at-12.30.25-PM-2-1024x684.jpeg 1024w, https:\/\/cultura.sma.gob.ar\/wp-content\/uploads\/2024\/04\/WhatsApp-Image-2024-04-24-at-12.30.25-PM-2-300x200.jpeg 300w, https:\/\/cultura.sma.gob.ar\/wp-content\/uploads\/2024\/04\/WhatsApp-Image-2024-04-24-at-12.30.25-PM-2-768x513.jpeg 768w, https:\/\/cultura.sma.gob.ar\/wp-content\/uploads\/2024\/04\/WhatsApp-Image-2024-04-24-at-12.30.25-PM-2-1536x1025.jpeg 1536w, https:\/\/cultura.sma.gob.ar\/wp-content\/uploads\/2024\/04\/WhatsApp-Image-2024-04-24-at-12.30.25-PM-2-135x90.jpeg 135w, https:\/\/cultura.sma.gob.ar\/wp-content\/uploads\/2024\/04\/WhatsApp-Image-2024-04-24-at-12.30.25-PM-2.jpeg 1600w\" sizes=\"auto, (max-width: 1024px) 100vw, 1024px\" \/><\/figure>\n\n\n\n<p>Sus obras son interpretadas por coros y grupos vocales en Argentina, Estados Unidos y Europa, algunas de ellas fueron editadas por GCC Ediciones Corales (Buenos Aires, Argentina) y Goldberg Musikeditionen (Frankfurt, Alemania).<\/p>\n\n\n\n<p>Como docente tiene a su cargo las c\u00e1tedras de An\u00e1lisis Musical I, II y III (Armon\u00eda, Morfolog\u00eda y Contrapunto), Arreglos Vocales y coro en la &#8220;Escuela Superior de M\u00fasica de San Mart\u00edn de los Andes&#8221;.&nbsp;<\/p>\n","protected":false},"excerpt":{"rendered":"<p>Durante la ma\u00f1ana de este mi\u00e9rcoles 24 de abril, en el sal\u00f3n Fontanive, se hizo entrega de la distinci\u00f3n al m\u00e9rito al Maestro Pablo Roberto, por haber recibido el 1\u00ba Premio en el Concurso Internacional de Composici\u00f3n de la Sociedad Siero Musical, de Pola de Siero (Espa\u00f1a), y por su extensa y reconocida trayectoria como compositor musical. Del acto participaron el intendente de nuestra ciudad, &hellip; <a href=\"https:\/\/cultura.sma.gob.ar\/?p=5594\" class=\"more-link\">Continue reading <span class=\"screen-reader-text\">Distinci\u00f3n al m\u00e9rito al compositor Pablo Roberto<\/span><\/a><\/p>\n","protected":false},"author":1,"featured_media":291,"comment_status":"closed","ping_status":"","sticky":false,"template":"","format":"image","meta":{"footnotes":""},"categories":[9],"tags":[],"class_list":["post-5594","post","type-post","status-publish","format-image","has-post-thumbnail","hentry","category-ultimas-noticias","post_format-post-format-image"],"_links":{"self":[{"href":"https:\/\/cultura.sma.gob.ar\/index.php?rest_route=\/wp\/v2\/posts\/5594","targetHints":{"allow":["GET"]}}],"collection":[{"href":"https:\/\/cultura.sma.gob.ar\/index.php?rest_route=\/wp\/v2\/posts"}],"about":[{"href":"https:\/\/cultura.sma.gob.ar\/index.php?rest_route=\/wp\/v2\/types\/post"}],"author":[{"embeddable":true,"href":"https:\/\/cultura.sma.gob.ar\/index.php?rest_route=\/wp\/v2\/users\/1"}],"replies":[{"embeddable":true,"href":"https:\/\/cultura.sma.gob.ar\/index.php?rest_route=%2Fwp%2Fv2%2Fcomments&post=5594"}],"version-history":[{"count":1,"href":"https:\/\/cultura.sma.gob.ar\/index.php?rest_route=\/wp\/v2\/posts\/5594\/revisions"}],"predecessor-version":[{"id":5599,"href":"https:\/\/cultura.sma.gob.ar\/index.php?rest_route=\/wp\/v2\/posts\/5594\/revisions\/5599"}],"wp:featuredmedia":[{"embeddable":true,"href":"https:\/\/cultura.sma.gob.ar\/index.php?rest_route=\/wp\/v2\/media\/291"}],"wp:attachment":[{"href":"https:\/\/cultura.sma.gob.ar\/index.php?rest_route=%2Fwp%2Fv2%2Fmedia&parent=5594"}],"wp:term":[{"taxonomy":"category","embeddable":true,"href":"https:\/\/cultura.sma.gob.ar\/index.php?rest_route=%2Fwp%2Fv2%2Fcategories&post=5594"},{"taxonomy":"post_tag","embeddable":true,"href":"https:\/\/cultura.sma.gob.ar\/index.php?rest_route=%2Fwp%2Fv2%2Ftags&post=5594"}],"curies":[{"name":"wp","href":"https:\/\/api.w.org\/{rel}","templated":true}]}}