{"id":5589,"date":"2024-04-24T16:33:54","date_gmt":"2024-04-24T19:33:54","guid":{"rendered":"http:\/\/cultura.sma.gob.ar\/?p=5589"},"modified":"2024-04-24T16:33:54","modified_gmt":"2024-04-24T19:33:54","slug":"se-firmo-el-convenio-marco-de-cooperacion-entre-la-municipalidad-y-la-asociacion-amigos-del-museo-municipal-primeros-pobladores","status":"publish","type":"post","link":"https:\/\/cultura.sma.gob.ar\/?p=5589","title":{"rendered":"Se firm\u00f3 el Convenio marco de cooperaci\u00f3n entre la Municipalidad y la Asociaci\u00f3n Amigos del Museo Municipal Primeros Pobladores"},"content":{"rendered":"\n<figure class=\"wp-block-image size-large\"><img loading=\"lazy\" decoding=\"async\" width=\"1024\" height=\"684\" src=\"https:\/\/cultura.sma.gob.ar\/wp-content\/uploads\/2024\/04\/WhatsApp-Image-2024-04-24-at-12.29.52-PM-1-1024x684.jpeg\" alt=\"\" class=\"wp-image-5590\" srcset=\"https:\/\/cultura.sma.gob.ar\/wp-content\/uploads\/2024\/04\/WhatsApp-Image-2024-04-24-at-12.29.52-PM-1-1024x684.jpeg 1024w, https:\/\/cultura.sma.gob.ar\/wp-content\/uploads\/2024\/04\/WhatsApp-Image-2024-04-24-at-12.29.52-PM-1-300x200.jpeg 300w, https:\/\/cultura.sma.gob.ar\/wp-content\/uploads\/2024\/04\/WhatsApp-Image-2024-04-24-at-12.29.52-PM-1-768x513.jpeg 768w, https:\/\/cultura.sma.gob.ar\/wp-content\/uploads\/2024\/04\/WhatsApp-Image-2024-04-24-at-12.29.52-PM-1-1536x1025.jpeg 1536w, https:\/\/cultura.sma.gob.ar\/wp-content\/uploads\/2024\/04\/WhatsApp-Image-2024-04-24-at-12.29.52-PM-1-135x90.jpeg 135w, https:\/\/cultura.sma.gob.ar\/wp-content\/uploads\/2024\/04\/WhatsApp-Image-2024-04-24-at-12.29.52-PM-1.jpeg 1600w\" sizes=\"auto, (max-width: 1024px) 100vw, 1024px\" \/><\/figure>\n\n\n\n<p>Este mi\u00e9rcoles, 24 de abril, se celebr\u00f3 la firma del convenio marco de cooperaci\u00f3n entre la Municipalidad de San Mart\u00edn de los Andes y la Asociaci\u00f3n Amigos del Museo Municipal Primeros Pobladores, ratificando el trabajo conjunto que ambos organismos vienen realizando hace muchos a\u00f1os en pos de la preservaci\u00f3n y difusi\u00f3n del patrimonio cultural e hist\u00f3rico de la ciudad.<\/p>\n\n\n\n<p>De la ceremonia participaron el intendente Carlos Saloniti, el secretario de cultura, Gustavo Santos, la presidenta de la Asociaci\u00f3n, Prof Lidia Mora y otros miembros de la Comisi\u00f3n Directiva.<\/p>\n\n\n\n<figure class=\"wp-block-image size-large\"><img loading=\"lazy\" decoding=\"async\" width=\"1024\" height=\"684\" src=\"https:\/\/cultura.sma.gob.ar\/wp-content\/uploads\/2024\/04\/WhatsApp-Image-2024-04-24-at-12.29.52-PM-1024x684.jpeg\" alt=\"\" class=\"wp-image-5591\" srcset=\"https:\/\/cultura.sma.gob.ar\/wp-content\/uploads\/2024\/04\/WhatsApp-Image-2024-04-24-at-12.29.52-PM-1024x684.jpeg 1024w, https:\/\/cultura.sma.gob.ar\/wp-content\/uploads\/2024\/04\/WhatsApp-Image-2024-04-24-at-12.29.52-PM-300x200.jpeg 300w, https:\/\/cultura.sma.gob.ar\/wp-content\/uploads\/2024\/04\/WhatsApp-Image-2024-04-24-at-12.29.52-PM-768x513.jpeg 768w, https:\/\/cultura.sma.gob.ar\/wp-content\/uploads\/2024\/04\/WhatsApp-Image-2024-04-24-at-12.29.52-PM-1536x1025.jpeg 1536w, https:\/\/cultura.sma.gob.ar\/wp-content\/uploads\/2024\/04\/WhatsApp-Image-2024-04-24-at-12.29.52-PM-135x90.jpeg 135w, https:\/\/cultura.sma.gob.ar\/wp-content\/uploads\/2024\/04\/WhatsApp-Image-2024-04-24-at-12.29.52-PM.jpeg 1600w\" sizes=\"auto, (max-width: 1024px) 100vw, 1024px\" \/><\/figure>\n\n\n\n<p>La finalidad de dicho convenio es reconocer de manera formal, desde el Municipio, la existencia de esta asociaci\u00f3n que, desde 1996, colabora con la gesti\u00f3n del Museo Municipal Primeros Pobladores, destacando que se trata de una organizaci\u00f3n social comunitaria pionera en la difusi\u00f3n y preservaci\u00f3n del patrimonio cultural de San Mart\u00edn de los Andes.<\/p>\n\n\n\n<p>Adem\u00e1s, el convenio tiene por objeto brindar un marco general de cooperaci\u00f3n entre las partes en aspectos culturales y educativos, en particular en lo referido a la preservaci\u00f3n y difusi\u00f3n del acervo cultural de la localidad. La cooperaci\u00f3n mutua sirve a sus respectivos objetivos institucionales, por lo que este intercambio fortalece e incrementa los servicios culturales que ambas instituciones ofrecen a la comunidad de la que forman parte.<\/p>\n\n\n\n<figure class=\"wp-block-image size-large\"><img loading=\"lazy\" decoding=\"async\" width=\"1024\" height=\"684\" src=\"https:\/\/cultura.sma.gob.ar\/wp-content\/uploads\/2024\/04\/WhatsApp-Image-2024-04-24-at-12.29.52-PM-2-1024x684.jpeg\" alt=\"\" class=\"wp-image-5592\" srcset=\"https:\/\/cultura.sma.gob.ar\/wp-content\/uploads\/2024\/04\/WhatsApp-Image-2024-04-24-at-12.29.52-PM-2-1024x684.jpeg 1024w, https:\/\/cultura.sma.gob.ar\/wp-content\/uploads\/2024\/04\/WhatsApp-Image-2024-04-24-at-12.29.52-PM-2-300x200.jpeg 300w, https:\/\/cultura.sma.gob.ar\/wp-content\/uploads\/2024\/04\/WhatsApp-Image-2024-04-24-at-12.29.52-PM-2-768x513.jpeg 768w, https:\/\/cultura.sma.gob.ar\/wp-content\/uploads\/2024\/04\/WhatsApp-Image-2024-04-24-at-12.29.52-PM-2-1536x1025.jpeg 1536w, https:\/\/cultura.sma.gob.ar\/wp-content\/uploads\/2024\/04\/WhatsApp-Image-2024-04-24-at-12.29.52-PM-2-135x90.jpeg 135w, https:\/\/cultura.sma.gob.ar\/wp-content\/uploads\/2024\/04\/WhatsApp-Image-2024-04-24-at-12.29.52-PM-2.jpeg 1600w\" sizes=\"auto, (max-width: 1024px) 100vw, 1024px\" \/><\/figure>\n","protected":false},"excerpt":{"rendered":"<p>Este mi\u00e9rcoles, 24 de abril, se celebr\u00f3 la firma del convenio marco de cooperaci\u00f3n entre la Municipalidad de San Mart\u00edn de los Andes y la Asociaci\u00f3n Amigos del Museo Municipal Primeros Pobladores, ratificando el trabajo conjunto que ambos organismos vienen realizando hace muchos a\u00f1os en pos de la preservaci\u00f3n y difusi\u00f3n del patrimonio cultural e hist\u00f3rico de la ciudad. De la ceremonia participaron el intendente &hellip; <a href=\"https:\/\/cultura.sma.gob.ar\/?p=5589\" class=\"more-link\">Continue reading <span class=\"screen-reader-text\">Se firm\u00f3 el Convenio marco de cooperaci\u00f3n entre la Municipalidad y la Asociaci\u00f3n Amigos del Museo Municipal Primeros Pobladores<\/span><\/a><\/p>\n","protected":false},"author":1,"featured_media":294,"comment_status":"closed","ping_status":"","sticky":false,"template":"","format":"image","meta":{"footnotes":""},"categories":[4,5,9],"tags":[],"class_list":["post-5589","post","type-post","status-publish","format-image","has-post-thumbnail","hentry","category-museo-primeros-pobladores","category-patrimonio-cultural","category-ultimas-noticias","post_format-post-format-image"],"_links":{"self":[{"href":"https:\/\/cultura.sma.gob.ar\/index.php?rest_route=\/wp\/v2\/posts\/5589","targetHints":{"allow":["GET"]}}],"collection":[{"href":"https:\/\/cultura.sma.gob.ar\/index.php?rest_route=\/wp\/v2\/posts"}],"about":[{"href":"https:\/\/cultura.sma.gob.ar\/index.php?rest_route=\/wp\/v2\/types\/post"}],"author":[{"embeddable":true,"href":"https:\/\/cultura.sma.gob.ar\/index.php?rest_route=\/wp\/v2\/users\/1"}],"replies":[{"embeddable":true,"href":"https:\/\/cultura.sma.gob.ar\/index.php?rest_route=%2Fwp%2Fv2%2Fcomments&post=5589"}],"version-history":[{"count":1,"href":"https:\/\/cultura.sma.gob.ar\/index.php?rest_route=\/wp\/v2\/posts\/5589\/revisions"}],"predecessor-version":[{"id":5593,"href":"https:\/\/cultura.sma.gob.ar\/index.php?rest_route=\/wp\/v2\/posts\/5589\/revisions\/5593"}],"wp:featuredmedia":[{"embeddable":true,"href":"https:\/\/cultura.sma.gob.ar\/index.php?rest_route=\/wp\/v2\/media\/294"}],"wp:attachment":[{"href":"https:\/\/cultura.sma.gob.ar\/index.php?rest_route=%2Fwp%2Fv2%2Fmedia&parent=5589"}],"wp:term":[{"taxonomy":"category","embeddable":true,"href":"https:\/\/cultura.sma.gob.ar\/index.php?rest_route=%2Fwp%2Fv2%2Fcategories&post=5589"},{"taxonomy":"post_tag","embeddable":true,"href":"https:\/\/cultura.sma.gob.ar\/index.php?rest_route=%2Fwp%2Fv2%2Ftags&post=5589"}],"curies":[{"name":"wp","href":"https:\/\/api.w.org\/{rel}","templated":true}]}}