{"id":5585,"date":"2024-04-24T16:29:28","date_gmt":"2024-04-24T19:29:28","guid":{"rendered":"http:\/\/cultura.sma.gob.ar\/?p=5585"},"modified":"2024-04-24T16:29:28","modified_gmt":"2024-04-24T19:29:28","slug":"variete-de-circo-dale-mecha","status":"publish","type":"post","link":"https:\/\/cultura.sma.gob.ar\/?p=5585","title":{"rendered":"Variet\u00e9 de circo &#8220;Dale mecha&#8221;"},"content":{"rendered":"\n<figure class=\"wp-block-image size-large\"><img loading=\"lazy\" decoding=\"async\" width=\"1024\" height=\"1018\" src=\"https:\/\/cultura.sma.gob.ar\/wp-content\/uploads\/2024\/04\/WhatsApp-Image-2024-04-24-at-4.15.16-PM-1024x1018.jpeg\" alt=\"\" class=\"wp-image-5586\" srcset=\"https:\/\/cultura.sma.gob.ar\/wp-content\/uploads\/2024\/04\/WhatsApp-Image-2024-04-24-at-4.15.16-PM-1024x1018.jpeg 1024w, https:\/\/cultura.sma.gob.ar\/wp-content\/uploads\/2024\/04\/WhatsApp-Image-2024-04-24-at-4.15.16-PM-300x298.jpeg 300w, https:\/\/cultura.sma.gob.ar\/wp-content\/uploads\/2024\/04\/WhatsApp-Image-2024-04-24-at-4.15.16-PM-150x150.jpeg 150w, https:\/\/cultura.sma.gob.ar\/wp-content\/uploads\/2024\/04\/WhatsApp-Image-2024-04-24-at-4.15.16-PM-768x763.jpeg 768w, https:\/\/cultura.sma.gob.ar\/wp-content\/uploads\/2024\/04\/WhatsApp-Image-2024-04-24-at-4.15.16-PM-91x90.jpeg 91w, https:\/\/cultura.sma.gob.ar\/wp-content\/uploads\/2024\/04\/WhatsApp-Image-2024-04-24-at-4.15.16-PM.jpeg 1280w\" sizes=\"auto, (max-width: 1024px) 100vw, 1024px\" \/><\/figure>\n\n\n\n<p>VARIETE DE CIRCO \ud83e\udd21\ud83e\udd21\ud83c\udfaa\ud83c\udfaa<\/p>\n\n\n\n<ul class=\"wp-block-list\"><li>S\u00e1bado 04 de Mayo: 19 y 20:30 hs<\/li><\/ul>\n\n\n\n<p>Les esperamos en el gran Teatro San Jos\u00e9<\/p>\n\n\n\n<p>Direcci\u00f3n: Cap. Drury 759<\/p>\n\n\n\n<p>Organiza COMICIRKO Comisi\u00f3n de Circo de San Martin de los Andes<\/p>\n\n\n\n<p>Increibles n\u00fameros de circo, Acrobacia en duo &#8211; Acrobacias A\u00e9reas, Magia &#8211; Malabares &#8211; Burbujas gigantes, Pochoclos y muchas sorpresas mas<\/p>\n","protected":false},"excerpt":{"rendered":"<p>VARIETE DE CIRCO \ud83e\udd21\ud83e\udd21\ud83c\udfaa\ud83c\udfaa S\u00e1bado 04 de Mayo: 19 y 20:30 hs Les esperamos en el gran Teatro San Jos\u00e9 Direcci\u00f3n: Cap. Drury 759 Organiza COMICIRKO Comisi\u00f3n de Circo de San Martin de los Andes Increibles n\u00fameros de circo, Acrobacia en duo &#8211; Acrobacias A\u00e9reas, Magia &#8211; Malabares &#8211; Burbujas gigantes, Pochoclos y muchas sorpresas mas <a href=\"https:\/\/cultura.sma.gob.ar\/?p=5585\" class=\"more-link\">Continue reading <span class=\"screen-reader-text\">Variet\u00e9 de circo &#8220;Dale mecha&#8221;<\/span><\/a><\/p>\n","protected":false},"author":1,"featured_media":297,"comment_status":"closed","ping_status":"","sticky":false,"template":"","format":"image","meta":{"footnotes":""},"categories":[2,9],"tags":[],"class_list":["post-5585","post","type-post","status-publish","format-image","has-post-thumbnail","hentry","category-ciudad-cultural","category-ultimas-noticias","post_format-post-format-image"],"_links":{"self":[{"href":"https:\/\/cultura.sma.gob.ar\/index.php?rest_route=\/wp\/v2\/posts\/5585","targetHints":{"allow":["GET"]}}],"collection":[{"href":"https:\/\/cultura.sma.gob.ar\/index.php?rest_route=\/wp\/v2\/posts"}],"about":[{"href":"https:\/\/cultura.sma.gob.ar\/index.php?rest_route=\/wp\/v2\/types\/post"}],"author":[{"embeddable":true,"href":"https:\/\/cultura.sma.gob.ar\/index.php?rest_route=\/wp\/v2\/users\/1"}],"replies":[{"embeddable":true,"href":"https:\/\/cultura.sma.gob.ar\/index.php?rest_route=%2Fwp%2Fv2%2Fcomments&post=5585"}],"version-history":[{"count":1,"href":"https:\/\/cultura.sma.gob.ar\/index.php?rest_route=\/wp\/v2\/posts\/5585\/revisions"}],"predecessor-version":[{"id":5587,"href":"https:\/\/cultura.sma.gob.ar\/index.php?rest_route=\/wp\/v2\/posts\/5585\/revisions\/5587"}],"wp:featuredmedia":[{"embeddable":true,"href":"https:\/\/cultura.sma.gob.ar\/index.php?rest_route=\/wp\/v2\/media\/297"}],"wp:attachment":[{"href":"https:\/\/cultura.sma.gob.ar\/index.php?rest_route=%2Fwp%2Fv2%2Fmedia&parent=5585"}],"wp:term":[{"taxonomy":"category","embeddable":true,"href":"https:\/\/cultura.sma.gob.ar\/index.php?rest_route=%2Fwp%2Fv2%2Fcategories&post=5585"},{"taxonomy":"post_tag","embeddable":true,"href":"https:\/\/cultura.sma.gob.ar\/index.php?rest_route=%2Fwp%2Fv2%2Ftags&post=5585"}],"curies":[{"name":"wp","href":"https:\/\/api.w.org\/{rel}","templated":true}]}}