{"id":5579,"date":"2024-04-23T09:56:13","date_gmt":"2024-04-23T12:56:13","guid":{"rendered":"http:\/\/cultura.sma.gob.ar\/?p=5579"},"modified":"2024-04-23T09:56:13","modified_gmt":"2024-04-23T12:56:13","slug":"the-terminator-en-el-cine-de-nuestra-ciudad","status":"publish","type":"post","link":"https:\/\/cultura.sma.gob.ar\/?p=5579","title":{"rendered":"&#8220;The Terminator&#8221; en el cine de nuestra ciudad"},"content":{"rendered":"\n<figure class=\"wp-block-image size-large\"><img loading=\"lazy\" decoding=\"async\" width=\"518\" height=\"732\" src=\"https:\/\/cultura.sma.gob.ar\/wp-content\/uploads\/2024\/04\/1e582c99-c71f-47d0-8367-5e797759c683.jpg\" alt=\"\" class=\"wp-image-5580\" srcset=\"https:\/\/cultura.sma.gob.ar\/wp-content\/uploads\/2024\/04\/1e582c99-c71f-47d0-8367-5e797759c683.jpg 518w, https:\/\/cultura.sma.gob.ar\/wp-content\/uploads\/2024\/04\/1e582c99-c71f-47d0-8367-5e797759c683-212x300.jpg 212w, https:\/\/cultura.sma.gob.ar\/wp-content\/uploads\/2024\/04\/1e582c99-c71f-47d0-8367-5e797759c683-64x90.jpg 64w\" sizes=\"auto, (max-width: 518px) 100vw, 518px\" \/><\/figure>\n\n\n\n<p>Por primera vez, el p\u00fablico va a poder vivir la experiencia de ver &#8220;The Terminator&#8221; en la gran pantalla de San Mart\u00edn de los Andes.<\/p>\n\n\n\n<p>Se trata de la versi\u00f3n especial remasterizada del Blu-Ray del cl\u00e1sico de ciencia ficci\u00f3n Tech-Noir del visionario director James Cameron. <\/p>\n\n\n\n<p>Este filme nos sumerge en la historia de un cyborg asesino (Arnold Schwarzenegger) enviado a trav\u00e9s del tiempo desde el a\u00f1o 2029 a 1984 para asesinar a Sarah Connor, interpretada por Linda Hamilton. Michael Biehn es Kyle Reese, un soldado tambi\u00e9n enviado desde el futuro con la misi\u00f3n de proteger a Sarah. <\/p>\n\n\n\n<p>Obra maestra que cal\u00f3 hondo en la cultura popular, de la que se desprendieron centenares de aliteraciones a lo largo de las \u00faltimas 4 d\u00e9cadas, y cuya trama reviviremos en el cine local gracias a la proyecci\u00f3n del ciclo &#8220;Antes de morir&#8221;. Esperado re-estreno, a 40 a\u00f1os de su debut y que, pese a los a\u00f1os, contin\u00faa vigente.<\/p>\n\n\n\n<p>Para los que no la vieron en cine, esta es una excelente oportunidad, quiz\u00e1s la \u00faltima. Entradas: $2500 en la boleter\u00eda del cine. Informaci\u00f3n y promociones en el instagram\u00a0<a rel=\"noreferrer noopener\" href=\"https:\/\/correo.smandes.gov.ar\/owa\/redir.aspx?C=d91265957d4247248af3d8f3dfae775a&amp;URL=https%3a%2f%2fwww.instagram.com%2fusinadecine%2f\" target=\"_blank\">@usinadecine<\/a><\/p>\n","protected":false},"excerpt":{"rendered":"<p>Por primera vez, el p\u00fablico va a poder vivir la experiencia de ver &#8220;The Terminator&#8221; en la gran pantalla de San Mart\u00edn de los Andes. Se trata de la versi\u00f3n especial remasterizada del Blu-Ray del cl\u00e1sico de ciencia ficci\u00f3n Tech-Noir del visionario director James Cameron. Este filme nos sumerge en la historia de un cyborg asesino (Arnold Schwarzenegger) enviado a trav\u00e9s del tiempo desde el &hellip; <a href=\"https:\/\/cultura.sma.gob.ar\/?p=5579\" class=\"more-link\">Continue reading <span class=\"screen-reader-text\">&#8220;The Terminator&#8221; en el cine de nuestra ciudad<\/span><\/a><\/p>\n","protected":false},"author":1,"featured_media":297,"comment_status":"closed","ping_status":"","sticky":false,"template":"","format":"image","meta":{"footnotes":""},"categories":[2,9],"tags":[],"class_list":["post-5579","post","type-post","status-publish","format-image","has-post-thumbnail","hentry","category-ciudad-cultural","category-ultimas-noticias","post_format-post-format-image"],"_links":{"self":[{"href":"https:\/\/cultura.sma.gob.ar\/index.php?rest_route=\/wp\/v2\/posts\/5579","targetHints":{"allow":["GET"]}}],"collection":[{"href":"https:\/\/cultura.sma.gob.ar\/index.php?rest_route=\/wp\/v2\/posts"}],"about":[{"href":"https:\/\/cultura.sma.gob.ar\/index.php?rest_route=\/wp\/v2\/types\/post"}],"author":[{"embeddable":true,"href":"https:\/\/cultura.sma.gob.ar\/index.php?rest_route=\/wp\/v2\/users\/1"}],"replies":[{"embeddable":true,"href":"https:\/\/cultura.sma.gob.ar\/index.php?rest_route=%2Fwp%2Fv2%2Fcomments&post=5579"}],"version-history":[{"count":1,"href":"https:\/\/cultura.sma.gob.ar\/index.php?rest_route=\/wp\/v2\/posts\/5579\/revisions"}],"predecessor-version":[{"id":5581,"href":"https:\/\/cultura.sma.gob.ar\/index.php?rest_route=\/wp\/v2\/posts\/5579\/revisions\/5581"}],"wp:featuredmedia":[{"embeddable":true,"href":"https:\/\/cultura.sma.gob.ar\/index.php?rest_route=\/wp\/v2\/media\/297"}],"wp:attachment":[{"href":"https:\/\/cultura.sma.gob.ar\/index.php?rest_route=%2Fwp%2Fv2%2Fmedia&parent=5579"}],"wp:term":[{"taxonomy":"category","embeddable":true,"href":"https:\/\/cultura.sma.gob.ar\/index.php?rest_route=%2Fwp%2Fv2%2Fcategories&post=5579"},{"taxonomy":"post_tag","embeddable":true,"href":"https:\/\/cultura.sma.gob.ar\/index.php?rest_route=%2Fwp%2Fv2%2Ftags&post=5579"}],"curies":[{"name":"wp","href":"https:\/\/api.w.org\/{rel}","templated":true}]}}