{"id":5574,"date":"2024-04-22T10:05:30","date_gmt":"2024-04-22T13:05:30","guid":{"rendered":"http:\/\/cultura.sma.gob.ar\/?p=5574"},"modified":"2024-04-22T10:05:30","modified_gmt":"2024-04-22T13:05:30","slug":"la-ley-del-silencio-el-clasico-de-esta-semana-en-el-club-de-cine-de-cotesma","status":"publish","type":"post","link":"https:\/\/cultura.sma.gob.ar\/?p=5574","title":{"rendered":"&#8220;La ley del silencio&#8221;: el cl\u00e1sico de esta semana en el club de cine de Cotesma"},"content":{"rendered":"\n<figure class=\"wp-block-image size-large\"><img loading=\"lazy\" decoding=\"async\" width=\"1024\" height=\"795\" src=\"https:\/\/cultura.sma.gob.ar\/wp-content\/uploads\/2024\/04\/actor-marlon-brando-and-director-elia-kazan-on-the-set-of-news-photo-455631275-1564054448-1024x795.jpg\" alt=\"\" class=\"wp-image-5575\" srcset=\"https:\/\/cultura.sma.gob.ar\/wp-content\/uploads\/2024\/04\/actor-marlon-brando-and-director-elia-kazan-on-the-set-of-news-photo-455631275-1564054448-1024x795.jpg 1024w, https:\/\/cultura.sma.gob.ar\/wp-content\/uploads\/2024\/04\/actor-marlon-brando-and-director-elia-kazan-on-the-set-of-news-photo-455631275-1564054448-300x233.jpg 300w, https:\/\/cultura.sma.gob.ar\/wp-content\/uploads\/2024\/04\/actor-marlon-brando-and-director-elia-kazan-on-the-set-of-news-photo-455631275-1564054448-768x596.jpg 768w, https:\/\/cultura.sma.gob.ar\/wp-content\/uploads\/2024\/04\/actor-marlon-brando-and-director-elia-kazan-on-the-set-of-news-photo-455631275-1564054448-1536x1193.jpg 1536w, https:\/\/cultura.sma.gob.ar\/wp-content\/uploads\/2024\/04\/actor-marlon-brando-and-director-elia-kazan-on-the-set-of-news-photo-455631275-1564054448-2048x1590.jpg 2048w, https:\/\/cultura.sma.gob.ar\/wp-content\/uploads\/2024\/04\/actor-marlon-brando-and-director-elia-kazan-on-the-set-of-news-photo-455631275-1564054448-116x90.jpg 116w\" sizes=\"auto, (max-width: 1024px) 100vw, 1024px\" \/><\/figure>\n\n\n\n<p>Este mi\u00e9rcoles 24 de abril, a las 20:15hs, en la Sala Amankay del Centro Cultural Cotesma, sigue el ciclo de cine auspiciado por&nbsp;el Rotary Club de San Mart\u00edn de los Andes, con funciones a beneficio de la \u201cAsociaci\u00f3n Italiana de San Mart\u00edn de los Andes\u201d. Presentado y programado por Guillermo Ianniello y Ail\u00edn Pazos, el primer ciclo del a\u00f1o lleva el nombre de \u00abEl inolvidable cine cl\u00e1sico\u00bb y contin\u00faa con la proyecci\u00f3n de: &#8220;La ley del silencio&#8221;, con Marlon Brando, Rod Steiger, Karl Malden y Eva Marie Saint.<\/p>\n\n\n\n<p>En palabras de los presentadores de este ciclo: &#8220;En esta pel\u00edcula, Marlon Brando crea un personaje inolvidable junto a una debutante Eva Marie Saint, de la que se enamora y encuentra fuerzas para luchar contra esa &#8220;ley del silencio&#8221;, que a veces nos atenaza y nos hace olvidar nuestra conciencia social, escondi\u00e9ndonos en la indiferencia.<\/p>\n\n\n\n<p>El director Elia Kazan potencia el dramatismo de la pel\u00edcula mediante una astucia fotogr\u00e1fica (responsable: Boris Kaufman) y sonora (Leonard Bernstein). En la mayor parte de las secuencias (de exteriores) los fondos est\u00e1n algo diluidos: abunda el blanco y el gris para conseguir que los personajes, casi siempre con ropas oscuras, destaquen en primer t\u00e9rmino y la atenci\u00f3n se concentre en ellos. En cuanto al sonido, Leonard Bernstein compone una m\u00fasica perfecta para ser mezclada con ruidos t\u00edpicos de los muelles de manera realista creando la sensaci\u00f3n de que es fruto, como los humos las neblinas y los suelos mojados, del propio paisaje y del drama puesto en escena. Inolvidables son tambi\u00e9n los secundarios trabajos de Lee J. Cobb, como capo de la mafia portuaria y Karl Malden como sacerdote comprometido con sus feligreses y dispuesto a luchar contra la extorsi\u00f3n.<\/p>\n\n\n\n<p>A prop\u00f3sito de actores, Kazan es uno de los cineastas que mejor entendi\u00f3 la misi\u00f3n de dirigir a los actores y fund\u00f3 el conocido &#8220;Actor\u00b4s Studio&#8221;, la m\u00e1s prestigiosa academia del mundo, en la que junto a Lee Strasberg inculc\u00f3 en varias generaciones de actores los m\u00e9todos interpretativos de Stanislavski y que vieron triunfar, entre otros, a Marlon Brando, Paul Newman, Montgomery Clift y James Dean.<\/p>\n\n\n\n<p>G\u00e9nero: Drama &#8211; Crimen &#8211; Suspenso&nbsp;<\/p>\n\n\n\n<p>Direcci\u00f3n: Elia Kazan<\/p>\n\n\n\n<p>Gui\u00f3n Adaptado: Budd Schulberg<\/p>\n\n\n\n<p>Director de Fotograf\u00eda: Boris Kaufman<\/p>\n\n\n\n<p>Banda Sonora: Leonard Bernstein<\/p>\n\n\n\n<p>Idioma: Ingl\u00e9s&nbsp;<\/p>\n\n\n\n<p>Subt\u00edtulos en espa\u00f1ol<\/p>\n\n\n\n<p>Pa\u00eds de Origen: Estados Unidos<\/p>\n\n\n\n<p>Productor: Sam Spiegel<\/p>\n\n\n\n<p>Estudios: Columbia Pictures<\/p>\n\n\n\n<p>Lugares de Filmaci\u00f3n: New Jersey y New York (Estados Unidos)<\/p>\n\n\n\n<p>A\u00f1o de Rodaje: 1954<\/p>\n\n\n\n<p>Premios: Mejor Pel\u00edcula &#8211; Mejor Director &#8211; Mejor Gui\u00f3n &#8211; Mejor Fotograf\u00eda &#8211;<br>Mejor Banda Sonora &#8211; Mejor Actor&nbsp; &nbsp; &nbsp;<\/p>\n\n\n\n<p>Duraci\u00f3n: 1 hora 48 minutos<\/p>\n","protected":false},"excerpt":{"rendered":"<p>Este mi\u00e9rcoles 24 de abril, a las 20:15hs, en la Sala Amankay del Centro Cultural Cotesma, sigue el ciclo de cine auspiciado por&nbsp;el Rotary Club de San Mart\u00edn de los Andes, con funciones a beneficio de la \u201cAsociaci\u00f3n Italiana de San Mart\u00edn de los Andes\u201d. Presentado y programado por Guillermo Ianniello y Ail\u00edn Pazos, el primer ciclo del a\u00f1o lleva el nombre de \u00abEl inolvidable &hellip; <a href=\"https:\/\/cultura.sma.gob.ar\/?p=5574\" class=\"more-link\">Continue reading <span class=\"screen-reader-text\">&#8220;La ley del silencio&#8221;: el cl\u00e1sico de esta semana en el club de cine de Cotesma<\/span><\/a><\/p>\n","protected":false},"author":1,"featured_media":297,"comment_status":"closed","ping_status":"","sticky":false,"template":"","format":"image","meta":{"footnotes":""},"categories":[2,9],"tags":[],"class_list":["post-5574","post","type-post","status-publish","format-image","has-post-thumbnail","hentry","category-ciudad-cultural","category-ultimas-noticias","post_format-post-format-image"],"_links":{"self":[{"href":"https:\/\/cultura.sma.gob.ar\/index.php?rest_route=\/wp\/v2\/posts\/5574","targetHints":{"allow":["GET"]}}],"collection":[{"href":"https:\/\/cultura.sma.gob.ar\/index.php?rest_route=\/wp\/v2\/posts"}],"about":[{"href":"https:\/\/cultura.sma.gob.ar\/index.php?rest_route=\/wp\/v2\/types\/post"}],"author":[{"embeddable":true,"href":"https:\/\/cultura.sma.gob.ar\/index.php?rest_route=\/wp\/v2\/users\/1"}],"replies":[{"embeddable":true,"href":"https:\/\/cultura.sma.gob.ar\/index.php?rest_route=%2Fwp%2Fv2%2Fcomments&post=5574"}],"version-history":[{"count":1,"href":"https:\/\/cultura.sma.gob.ar\/index.php?rest_route=\/wp\/v2\/posts\/5574\/revisions"}],"predecessor-version":[{"id":5576,"href":"https:\/\/cultura.sma.gob.ar\/index.php?rest_route=\/wp\/v2\/posts\/5574\/revisions\/5576"}],"wp:featuredmedia":[{"embeddable":true,"href":"https:\/\/cultura.sma.gob.ar\/index.php?rest_route=\/wp\/v2\/media\/297"}],"wp:attachment":[{"href":"https:\/\/cultura.sma.gob.ar\/index.php?rest_route=%2Fwp%2Fv2%2Fmedia&parent=5574"}],"wp:term":[{"taxonomy":"category","embeddable":true,"href":"https:\/\/cultura.sma.gob.ar\/index.php?rest_route=%2Fwp%2Fv2%2Fcategories&post=5574"},{"taxonomy":"post_tag","embeddable":true,"href":"https:\/\/cultura.sma.gob.ar\/index.php?rest_route=%2Fwp%2Fv2%2Ftags&post=5574"}],"curies":[{"name":"wp","href":"https:\/\/api.w.org\/{rel}","templated":true}]}}