{"id":5563,"date":"2024-04-17T10:27:04","date_gmt":"2024-04-17T13:27:04","guid":{"rendered":"http:\/\/cultura.sma.gob.ar\/?p=5563"},"modified":"2024-04-18T09:27:27","modified_gmt":"2024-04-18T12:27:27","slug":"estreno-del-documental-continente-de-diego-saad","status":"publish","type":"post","link":"https:\/\/cultura.sma.gob.ar\/?p=5563","title":{"rendered":"Estreno del documental &#8220;Continente&#8221;, de Diego Saad"},"content":{"rendered":"\n<figure class=\"wp-block-image size-large\"><img loading=\"lazy\" decoding=\"async\" width=\"774\" height=\"1024\" src=\"https:\/\/cultura.sma.gob.ar\/wp-content\/uploads\/2024\/04\/CONTINENTE-774x1024.jpg\" alt=\"\" class=\"wp-image-5564\" srcset=\"https:\/\/cultura.sma.gob.ar\/wp-content\/uploads\/2024\/04\/CONTINENTE-774x1024.jpg 774w, https:\/\/cultura.sma.gob.ar\/wp-content\/uploads\/2024\/04\/CONTINENTE-227x300.jpg 227w, https:\/\/cultura.sma.gob.ar\/wp-content\/uploads\/2024\/04\/CONTINENTE-768x1016.jpg 768w, https:\/\/cultura.sma.gob.ar\/wp-content\/uploads\/2024\/04\/CONTINENTE-68x90.jpg 68w, https:\/\/cultura.sma.gob.ar\/wp-content\/uploads\/2024\/04\/CONTINENTE.jpg 968w\" sizes=\"auto, (max-width: 774px) 100vw, 774px\" \/><\/figure>\n\n\n\n<p><strong>Se llevar\u00e1 a cabo el d\u00eda 27 de abril en la Sala Amankay del Centro Cultural COTESMA, con entrada libre y gratuita<\/strong>.\u00a0<\/p>\n\n\n\n<p>El documentalista argentino Diego Saad, residente de la localidad de San Mart\u00edn de los Andes, proyectar\u00e1 su trabajo documental denominado &#8220;CONTINENTE&#8221;, en la Sala Amankay del Centro Cultural COTESMA, San Mart\u00edn de los Andes, el d\u00eda 27 de febrero a las 20:30 hs.<\/p>\n\n\n\n<p>Despu\u00e9s de haber realizado un viaje en moto desde Patagonia hasta Alaska durante 6 a\u00f1os, guiado por el esp\u00edritu genuino de los viajeros, Diego convirti\u00f3 su viaje en un documental. Fue en b\u00fasqueda de tradiciones y ceremonias a\u00fan vigentes a lo largo de su trayecto, tratando de destacar algunas de las m\u00e1s aut\u00e9nticas expresiones religiosas y culturales que perduran en nuestro presente como s\u00edmbolo de identidad.<\/p>\n\n\n\n<p>\u00c9l afirma: &#8220;Viajar en moto te conecta mucho con el entorno y con uno mismo. Fue el medio perfecto para llegar a todas esas historias&#8221;.<\/p>\n\n\n\n<p>Diego es T\u00e9cnico en Administraci\u00f3n de \u00c1reas Protegidas, fue Guardaparque Nacional en el Parque Nacional Lanin. Se desempe\u00f1\u00f3 como miembro del Equipo Cient\u00edfico en la Ant\u00e1rtida Argentina, es Gu\u00eda de Monta\u00f1a en el Volc\u00e1n Lanin, y productor audiovisual. En el a\u00f1o 2009 public\u00f3 su libro &#8220;Ant\u00e1rtida. Un a\u00f1o de vida en el Continente Blanco&#8221;, distinguido como finalista del Banff Mountain Film Festival de Canad\u00e1, y declarado de Inter\u00e9s Cultural por el Congreso de la Naci\u00f3n Argentina y por el Consejo Deliberante de San Mart\u00edn de los Andes.<\/p>\n\n\n\n<p>En el a\u00f1o 2017 emprendi\u00f3 solo y en moto, un viaje de exploraci\u00f3n y descubrimiento, que se prolong\u00f3 hasta el a\u00f1o 2023. C\u00e1mara en mano, Diego plasm\u00f3 en esta obra algunas de las tradiciones m\u00e1s asombrosas de nuestro &#8220;Continente&#8221;.<\/p>\n\n\n\n<p>Se pueden apreciar avances sobre el trabajo de Diego en la cuenta de Instagram @por.la.cordillera<\/p>\n\n\n\n<p>La proyecci\u00f3n del documental en la localidad de San Mart\u00edn de los Andes ser\u00e1 con entrada libre y gratuita.<\/p>\n","protected":false},"excerpt":{"rendered":"<p>Se llevar\u00e1 a cabo el d\u00eda 27 de abril en la Sala Amankay del Centro Cultural COTESMA, con entrada libre y gratuita.\u00a0 El documentalista argentino Diego Saad, residente de la localidad de San Mart\u00edn de los Andes, proyectar\u00e1 su trabajo documental denominado &#8220;CONTINENTE&#8221;, en la Sala Amankay del Centro Cultural COTESMA, San Mart\u00edn de los Andes, el d\u00eda 27 de febrero a las 20:30 hs. &hellip; <a href=\"https:\/\/cultura.sma.gob.ar\/?p=5563\" class=\"more-link\">Continue reading <span class=\"screen-reader-text\">Estreno del documental &#8220;Continente&#8221;, de Diego Saad<\/span><\/a><\/p>\n","protected":false},"author":1,"featured_media":297,"comment_status":"closed","ping_status":"","sticky":false,"template":"","format":"image","meta":{"footnotes":""},"categories":[2,9],"tags":[],"class_list":["post-5563","post","type-post","status-publish","format-image","has-post-thumbnail","hentry","category-ciudad-cultural","category-ultimas-noticias","post_format-post-format-image"],"_links":{"self":[{"href":"https:\/\/cultura.sma.gob.ar\/index.php?rest_route=\/wp\/v2\/posts\/5563","targetHints":{"allow":["GET"]}}],"collection":[{"href":"https:\/\/cultura.sma.gob.ar\/index.php?rest_route=\/wp\/v2\/posts"}],"about":[{"href":"https:\/\/cultura.sma.gob.ar\/index.php?rest_route=\/wp\/v2\/types\/post"}],"author":[{"embeddable":true,"href":"https:\/\/cultura.sma.gob.ar\/index.php?rest_route=\/wp\/v2\/users\/1"}],"replies":[{"embeddable":true,"href":"https:\/\/cultura.sma.gob.ar\/index.php?rest_route=%2Fwp%2Fv2%2Fcomments&post=5563"}],"version-history":[{"count":2,"href":"https:\/\/cultura.sma.gob.ar\/index.php?rest_route=\/wp\/v2\/posts\/5563\/revisions"}],"predecessor-version":[{"id":5572,"href":"https:\/\/cultura.sma.gob.ar\/index.php?rest_route=\/wp\/v2\/posts\/5563\/revisions\/5572"}],"wp:featuredmedia":[{"embeddable":true,"href":"https:\/\/cultura.sma.gob.ar\/index.php?rest_route=\/wp\/v2\/media\/297"}],"wp:attachment":[{"href":"https:\/\/cultura.sma.gob.ar\/index.php?rest_route=%2Fwp%2Fv2%2Fmedia&parent=5563"}],"wp:term":[{"taxonomy":"category","embeddable":true,"href":"https:\/\/cultura.sma.gob.ar\/index.php?rest_route=%2Fwp%2Fv2%2Fcategories&post=5563"},{"taxonomy":"post_tag","embeddable":true,"href":"https:\/\/cultura.sma.gob.ar\/index.php?rest_route=%2Fwp%2Fv2%2Ftags&post=5563"}],"curies":[{"name":"wp","href":"https:\/\/api.w.org\/{rel}","templated":true}]}}