{"id":5540,"date":"2024-04-15T11:12:09","date_gmt":"2024-04-15T14:12:09","guid":{"rendered":"http:\/\/cultura.sma.gob.ar\/?p=5540"},"modified":"2024-04-15T11:12:09","modified_gmt":"2024-04-15T14:12:09","slug":"rebelde-sin-causa-el-film-de-esta-semana-en-el-cine-club-a-beneficio-de-la-asociacion-italiana","status":"publish","type":"post","link":"https:\/\/cultura.sma.gob.ar\/?p=5540","title":{"rendered":"&#8220;Rebelde sin causa&#8221;: el film de esta semana en el cine club a beneficio de la Asociaci\u00f3n Italiana"},"content":{"rendered":"\n\n\n<p><strong><u>8va. TEMPORADA \u2013 A\u00d1O 2024 \u2013 CICLO N\u00b0 45<\/u><\/strong><\/p>\n\n\n\n<p><strong>Ciclo de Cine&nbsp;<\/strong><strong>auspiciado por<\/strong><strong>&nbsp;<\/strong><strong>el Rotary Club de San Mart\u00edn de los Andes<\/strong><\/p>\n\n\n\n<p><strong><u>A beneficio de la \u201cASOCIACI\u00d3N ITALIANA de San Mart\u00edn de los Andes\u201d<\/u><\/strong><\/p>\n\n\n\n<p><strong>Mi\u00e9rcoles 17<\/strong><strong>&nbsp;<\/strong><strong>de Abril &nbsp;20.15 hs \u2013 Sala \u201cAmankay\u201d de Cotesma<\/strong><\/p>\n\n\n\n<p><strong><u>Programaci\u00f3n y Presentaci\u00f3n:<\/u><\/strong><strong>&nbsp;Guillermo Ianniello&nbsp;y Ail\u00edn Pazos<\/strong><\/p>\n\n\n\n<p>Ciclo&nbsp;<strong>\u201cEL INOLVIDABLE CINE CL\u00c1SICO\u201d<\/strong><\/p>\n\n\n\n<p><strong><u>\u201cREBELDE SIN CAUSA\u201d<\/u><\/strong>.&nbsp;&nbsp;&nbsp;James Dean&nbsp;\u2013&nbsp;Natalie Wood&nbsp;\u2013&nbsp;Sal Mineo&nbsp;\u2013&nbsp;Dennis Hopper &nbsp;&nbsp;&nbsp;&nbsp; &nbsp;&nbsp;<\/p>\n\n\n\n<figure class=\"wp-block-image\"><img decoding=\"async\" src=\"https:\/\/mail.google.com\/mail\/u\/0?ui=2&amp;ik=7a251f716f&amp;attid=0.3&amp;permmsgid=msg-f:1796336445223907449&amp;th=18edde7ac2a8b079&amp;view=fimg&amp;fur=ip&amp;sz=s0-l75-ft&amp;attbid=ANGjdJ_tHfYGi55-W8_9Wbv4noINo8hi-v108AipflF-Kw7DoqdHGu0RPY7bX4YafAEXWlcH_3cwA96kqWJWJloZJ03u21BUdqqjtA6ibHBeztcpWkl8m60E4ddIzqg&amp;disp=emb\" alt=\"Rebelde sin causa (1956) - Pel\u00edcula en espa\u00f1ol - Cineyseries.net\"\/><\/figure>\n\n\n\n<p>G\u00e9nero: Drama \u2013 Adolescencia \u2013 Suspenso &nbsp;<\/p>\n\n\n\n<p>Direcci\u00f3n: Nicholas Ray<\/p>\n\n\n\n<p>Gui\u00f3n Adaptado: Stewart Stern<\/p>\n\n\n\n<p>Director de Fotograf\u00eda: Ernest Haller<\/p>\n\n\n\n<p>Banda Sonora: Leonard Rosenman<\/p>\n\n\n\n<p>Idioma: Ingl\u00e9s &nbsp;<\/p>\n\n\n\n<p>Subt\u00edtulos en espa\u00f1ol<\/p>\n\n\n\n<p>Pa\u00eds de Origen: Estados Unidos<\/p>\n\n\n\n<p>Productor: David Weisbart<\/p>\n\n\n\n<p>Estudios: Warner Brothers<\/p>\n\n\n\n<p>Lugares de Filmaci\u00f3n: Los \u00c1ngeles, California (Estados Unidos)<\/p>\n\n\n\n<p>A\u00f1o de Rodaje: 1955<\/p>\n\n\n\n<p>Premios: Mejor Pel\u00edcula \u2013 Mejor Actriz &nbsp;&nbsp;&nbsp;&nbsp;<\/p>\n\n\n\n<p>Duraci\u00f3n: 1 hora 51 minutos<\/p>\n\n\n\n<p>\u201cRebelde sin Causa&#8221; es la pel\u00edcula del actor James Dean. La que le convirti\u00f3 en un \u00edcono para la mayor\u00eda de los j\u00f3venes de la \u00e9poca. Su cigarrillo en la comisura de los labios, su chaqueta roja, su camiseta blanca y sus jeans se convirtieron en la imagen perfecta del muchacho rebelde, del de antes y&#8230; del de ahora.<\/p>\n\n\n\n<p><br>Cierto es que se hab\u00edan hecho antes otras pel\u00edculas con la misma tem\u00e1tica pero el director Nicholas Ray, adem\u00e1s de usar maravillosamente la t\u00e9cnica del cinemascope (pantalla ancha), cont\u00f3 con el tr\u00edo perfecto de rebeldes: James Dean, Natalie Wood y Sal Mineo, y realiz\u00f3 simple y llanamente una pel\u00edcula perfecta sobre la juventud y la sociedad del momento.<\/p>\n\n\n\n<p><br>El film gira en torno a estos tres rebeldes con o sin causa y sus respectivos conflictos familiares, que les llevar\u00e1n a buscarse unos a otros para resolver sus carencias afectivas y las preguntas e inquietudes propias de la edad. Y entonces destaca de manera poderosa la carism\u00e1tica e insegura figura de Jim Stark (James Dean), imponi\u00e9ndose para siempre como el rebelde contra la sociedad de cualquier tiempo y lugar.<\/p>\n\n\n\n<p>Y as\u00ed, por segunda vez, James Dean ofrece una nueva lecci\u00f3n interpretativa (del mismo nivel que en \u201cAl Este del Para\u00edso\u201d)&nbsp;.<\/p>\n\n\n\n<p>Es dif\u00edcil quitar los ojos de Dean cuando est\u00e1 en escena y es porque siempre hace algo nuevo, distinto, es como si el talento se le desbordara continuamente y fuera incapaz de controlarlo.<\/p>\n\n\n\n<p>Muchos actores han tratado de imitarlo pero ninguno se ha acercado a su nivel. Y es que, aparte de estudiar en el Actor\u00b4s Studio, hay que tener el carisma, el rostro y la naturalidad interpretativa de Dean.<br><\/p>\n\n\n\n<p>Tambi\u00e9n es justo hablar de la excelente direcci\u00f3n de Nicholas Ray, la brillante fotograf\u00eda de Ernest Haller y de la impactante banda sonora de Leonard Rosenman&#8230; Pero por sobre todas las cosas: \u00a0<strong><u>\u00e9sta es la pel\u00edcula de James Dean<\/u><\/strong>. Formidable por donde se la mire\u2026<\/p>\n\n\n\n<p>&nbsp;<strong><u>***************************************************************************************************************************************************************************************************<\/u><\/strong><\/p>\n\n\n\n<p><strong><u>Pel\u00edcula que tambi\u00e9n integra este ciclo:<\/u><\/strong><\/p>\n\n\n\n<p>Mie 24 abril: \u201cLa Ley del Silencio\u201d<\/p>\n","protected":false},"excerpt":{"rendered":"<p>8va. TEMPORADA \u2013 A\u00d1O 2024 \u2013 CICLO N\u00b0 45 Ciclo de Cine&nbsp;auspiciado por&nbsp;el Rotary Club de San Mart\u00edn de los Andes A beneficio de la \u201cASOCIACI\u00d3N ITALIANA de San Mart\u00edn de los Andes\u201d Mi\u00e9rcoles 17&nbsp;de Abril &nbsp;20.15 hs \u2013 Sala \u201cAmankay\u201d de Cotesma Programaci\u00f3n y Presentaci\u00f3n:&nbsp;Guillermo Ianniello&nbsp;y Ail\u00edn Pazos Ciclo&nbsp;\u201cEL INOLVIDABLE CINE CL\u00c1SICO\u201d \u201cREBELDE SIN CAUSA\u201d.&nbsp;&nbsp;&nbsp;James Dean&nbsp;\u2013&nbsp;Natalie Wood&nbsp;\u2013&nbsp;Sal Mineo&nbsp;\u2013&nbsp;Dennis Hopper &nbsp;&nbsp;&nbsp;&nbsp; &nbsp;&nbsp; G\u00e9nero: Drama \u2013 &hellip; <a href=\"https:\/\/cultura.sma.gob.ar\/?p=5540\" class=\"more-link\">Continue reading <span class=\"screen-reader-text\">&#8220;Rebelde sin causa&#8221;: el film de esta semana en el cine club a beneficio de la Asociaci\u00f3n Italiana<\/span><\/a><\/p>\n","protected":false},"author":1,"featured_media":297,"comment_status":"closed","ping_status":"","sticky":false,"template":"","format":"image","meta":{"footnotes":""},"categories":[2,9],"tags":[],"class_list":["post-5540","post","type-post","status-publish","format-image","has-post-thumbnail","hentry","category-ciudad-cultural","category-ultimas-noticias","post_format-post-format-image"],"_links":{"self":[{"href":"https:\/\/cultura.sma.gob.ar\/index.php?rest_route=\/wp\/v2\/posts\/5540","targetHints":{"allow":["GET"]}}],"collection":[{"href":"https:\/\/cultura.sma.gob.ar\/index.php?rest_route=\/wp\/v2\/posts"}],"about":[{"href":"https:\/\/cultura.sma.gob.ar\/index.php?rest_route=\/wp\/v2\/types\/post"}],"author":[{"embeddable":true,"href":"https:\/\/cultura.sma.gob.ar\/index.php?rest_route=\/wp\/v2\/users\/1"}],"replies":[{"embeddable":true,"href":"https:\/\/cultura.sma.gob.ar\/index.php?rest_route=%2Fwp%2Fv2%2Fcomments&post=5540"}],"version-history":[{"count":1,"href":"https:\/\/cultura.sma.gob.ar\/index.php?rest_route=\/wp\/v2\/posts\/5540\/revisions"}],"predecessor-version":[{"id":5541,"href":"https:\/\/cultura.sma.gob.ar\/index.php?rest_route=\/wp\/v2\/posts\/5540\/revisions\/5541"}],"wp:featuredmedia":[{"embeddable":true,"href":"https:\/\/cultura.sma.gob.ar\/index.php?rest_route=\/wp\/v2\/media\/297"}],"wp:attachment":[{"href":"https:\/\/cultura.sma.gob.ar\/index.php?rest_route=%2Fwp%2Fv2%2Fmedia&parent=5540"}],"wp:term":[{"taxonomy":"category","embeddable":true,"href":"https:\/\/cultura.sma.gob.ar\/index.php?rest_route=%2Fwp%2Fv2%2Fcategories&post=5540"},{"taxonomy":"post_tag","embeddable":true,"href":"https:\/\/cultura.sma.gob.ar\/index.php?rest_route=%2Fwp%2Fv2%2Ftags&post=5540"}],"curies":[{"name":"wp","href":"https:\/\/api.w.org\/{rel}","templated":true}]}}