{"id":5530,"date":"2024-04-12T15:54:22","date_gmt":"2024-04-12T18:54:22","guid":{"rendered":"http:\/\/cultura.sma.gob.ar\/?p=5530"},"modified":"2024-07-24T11:02:29","modified_gmt":"2024-07-24T14:02:29","slug":"vuelven-las-estaciones-culturales-a-los-barrios","status":"publish","type":"post","link":"https:\/\/cultura.sma.gob.ar\/?p=5530","title":{"rendered":"Talleres y espacios recreativos gratuitos en Estaciones Culturales de tres barrios"},"content":{"rendered":"\n<p> Fijate todas las propuestas que hay disponibles y anotate directamente en cada delegaci\u00f3n municipal, en los d\u00edas y horarios que se indican a continuaci\u00f3n.<\/p>\n\n\n\n<h2 class=\"wp-block-heading\">Vega Centro<\/h2>\n\n\n\n<figure class=\"wp-block-image size-large\"><img loading=\"lazy\" decoding=\"async\" width=\"1024\" height=\"1024\" src=\"http:\/\/cultura.sma.gob.ar\/wp-content\/uploads\/2024\/04\/WhatsApp-Image-2024-04-12-at-3.48.01-PM-1024x1024.jpeg\" alt=\"\" class=\"wp-image-5537\" srcset=\"https:\/\/cultura.sma.gob.ar\/wp-content\/uploads\/2024\/04\/WhatsApp-Image-2024-04-12-at-3.48.01-PM-1024x1024.jpeg 1024w, https:\/\/cultura.sma.gob.ar\/wp-content\/uploads\/2024\/04\/WhatsApp-Image-2024-04-12-at-3.48.01-PM-300x300.jpeg 300w, https:\/\/cultura.sma.gob.ar\/wp-content\/uploads\/2024\/04\/WhatsApp-Image-2024-04-12-at-3.48.01-PM-150x150.jpeg 150w, https:\/\/cultura.sma.gob.ar\/wp-content\/uploads\/2024\/04\/WhatsApp-Image-2024-04-12-at-3.48.01-PM-768x768.jpeg 768w, https:\/\/cultura.sma.gob.ar\/wp-content\/uploads\/2024\/04\/WhatsApp-Image-2024-04-12-at-3.48.01-PM-90x90.jpeg 90w, https:\/\/cultura.sma.gob.ar\/wp-content\/uploads\/2024\/04\/WhatsApp-Image-2024-04-12-at-3.48.01-PM.jpeg 1125w\" sizes=\"auto, (max-width: 1024px) 100vw, 1024px\" \/><\/figure>\n\n\n\n<h3 class=\"wp-block-heading\"><strong>Sede vecinal del barrio: Santa fe 447<\/strong><\/h3>\n\n\n\n<h2 class=\"wp-block-heading\">Sede Arenal (Pichi Rayen)<\/h2>\n\n\n\n<figure class=\"wp-block-image size-large\"><img loading=\"lazy\" decoding=\"async\" width=\"1024\" height=\"1024\" src=\"https:\/\/cultura.sma.gob.ar\/wp-content\/uploads\/2024\/04\/SMA-TC0012-Tren-Cultural-2024-EC-grilla-Arenal_1x1-1024x1024.jpg\" alt=\"\" class=\"wp-image-5531\" srcset=\"https:\/\/cultura.sma.gob.ar\/wp-content\/uploads\/2024\/04\/SMA-TC0012-Tren-Cultural-2024-EC-grilla-Arenal_1x1-1024x1024.jpg 1024w, https:\/\/cultura.sma.gob.ar\/wp-content\/uploads\/2024\/04\/SMA-TC0012-Tren-Cultural-2024-EC-grilla-Arenal_1x1-300x300.jpg 300w, https:\/\/cultura.sma.gob.ar\/wp-content\/uploads\/2024\/04\/SMA-TC0012-Tren-Cultural-2024-EC-grilla-Arenal_1x1-150x150.jpg 150w, https:\/\/cultura.sma.gob.ar\/wp-content\/uploads\/2024\/04\/SMA-TC0012-Tren-Cultural-2024-EC-grilla-Arenal_1x1-768x768.jpg 768w, https:\/\/cultura.sma.gob.ar\/wp-content\/uploads\/2024\/04\/SMA-TC0012-Tren-Cultural-2024-EC-grilla-Arenal_1x1-1536x1536.jpg 1536w, https:\/\/cultura.sma.gob.ar\/wp-content\/uploads\/2024\/04\/SMA-TC0012-Tren-Cultural-2024-EC-grilla-Arenal_1x1-2048x2048.jpg 2048w, https:\/\/cultura.sma.gob.ar\/wp-content\/uploads\/2024\/04\/SMA-TC0012-Tren-Cultural-2024-EC-grilla-Arenal_1x1-90x90.jpg 90w\" sizes=\"auto, (max-width: 1024px) 100vw, 1024px\" \/><\/figure>\n\n\n\n<h3 class=\"wp-block-heading\"><strong>Sede Pichi Ray\u00e9n: Los Chapeles y Los Cerezos.<\/strong><\/h3>\n\n\n\n<h2 class=\"wp-block-heading\">Cordones de Chapelo<\/h2>\n\n\n\n<figure class=\"wp-block-image size-large\"><img loading=\"lazy\" decoding=\"async\" width=\"1024\" height=\"1024\" src=\"http:\/\/cultura.sma.gob.ar\/wp-content\/uploads\/2024\/04\/SMA-TC0012-Tren-Cultural-2024-EC-grilla-Julio-CChapelco_1x1-1024x1024.jpg\" alt=\"\" class=\"wp-image-5914\" srcset=\"https:\/\/cultura.sma.gob.ar\/wp-content\/uploads\/2024\/04\/SMA-TC0012-Tren-Cultural-2024-EC-grilla-Julio-CChapelco_1x1-1024x1024.jpg 1024w, https:\/\/cultura.sma.gob.ar\/wp-content\/uploads\/2024\/04\/SMA-TC0012-Tren-Cultural-2024-EC-grilla-Julio-CChapelco_1x1-300x300.jpg 300w, https:\/\/cultura.sma.gob.ar\/wp-content\/uploads\/2024\/04\/SMA-TC0012-Tren-Cultural-2024-EC-grilla-Julio-CChapelco_1x1-150x150.jpg 150w, https:\/\/cultura.sma.gob.ar\/wp-content\/uploads\/2024\/04\/SMA-TC0012-Tren-Cultural-2024-EC-grilla-Julio-CChapelco_1x1-768x768.jpg 768w, https:\/\/cultura.sma.gob.ar\/wp-content\/uploads\/2024\/04\/SMA-TC0012-Tren-Cultural-2024-EC-grilla-Julio-CChapelco_1x1-1536x1536.jpg 1536w, https:\/\/cultura.sma.gob.ar\/wp-content\/uploads\/2024\/04\/SMA-TC0012-Tren-Cultural-2024-EC-grilla-Julio-CChapelco_1x1-2048x2048.jpg 2048w, https:\/\/cultura.sma.gob.ar\/wp-content\/uploads\/2024\/04\/SMA-TC0012-Tren-Cultural-2024-EC-grilla-Julio-CChapelco_1x1-90x90.jpg 90w\" sizes=\"auto, (max-width: 1024px) 100vw, 1024px\" \/><\/figure>\n\n\n\n<h3 class=\"wp-block-heading\"><strong>Sede vecinal: Cerro de la Virgen 1845<\/strong><\/h3>\n","protected":false},"excerpt":{"rendered":"<p>Fijate todas las propuestas que hay disponibles y anotate directamente en cada delegaci\u00f3n municipal, en los d\u00edas y horarios que se indican a continuaci\u00f3n. Vega Centro Sede vecinal del barrio: Santa fe 447 Sede Arenal (Pichi Rayen) Sede Pichi Ray\u00e9n: Los Chapeles y Los Cerezos. Cordones de Chapelo Sede vecinal: Cerro de la Virgen 1845 <a href=\"https:\/\/cultura.sma.gob.ar\/?p=5530\" class=\"more-link\">Continue reading <span class=\"screen-reader-text\">Talleres y espacios recreativos gratuitos en Estaciones Culturales de tres barrios<\/span><\/a><\/p>\n","protected":false},"author":1,"featured_media":293,"comment_status":"closed","ping_status":"","sticky":false,"template":"","format":"image","meta":{"footnotes":""},"categories":[7,9],"tags":[],"class_list":["post-5530","post","type-post","status-publish","format-image","has-post-thumbnail","hentry","category-talleres-cultura","category-ultimas-noticias","post_format-post-format-image"],"_links":{"self":[{"href":"https:\/\/cultura.sma.gob.ar\/index.php?rest_route=\/wp\/v2\/posts\/5530","targetHints":{"allow":["GET"]}}],"collection":[{"href":"https:\/\/cultura.sma.gob.ar\/index.php?rest_route=\/wp\/v2\/posts"}],"about":[{"href":"https:\/\/cultura.sma.gob.ar\/index.php?rest_route=\/wp\/v2\/types\/post"}],"author":[{"embeddable":true,"href":"https:\/\/cultura.sma.gob.ar\/index.php?rest_route=\/wp\/v2\/users\/1"}],"replies":[{"embeddable":true,"href":"https:\/\/cultura.sma.gob.ar\/index.php?rest_route=%2Fwp%2Fv2%2Fcomments&post=5530"}],"version-history":[{"count":3,"href":"https:\/\/cultura.sma.gob.ar\/index.php?rest_route=\/wp\/v2\/posts\/5530\/revisions"}],"predecessor-version":[{"id":5915,"href":"https:\/\/cultura.sma.gob.ar\/index.php?rest_route=\/wp\/v2\/posts\/5530\/revisions\/5915"}],"wp:featuredmedia":[{"embeddable":true,"href":"https:\/\/cultura.sma.gob.ar\/index.php?rest_route=\/wp\/v2\/media\/293"}],"wp:attachment":[{"href":"https:\/\/cultura.sma.gob.ar\/index.php?rest_route=%2Fwp%2Fv2%2Fmedia&parent=5530"}],"wp:term":[{"taxonomy":"category","embeddable":true,"href":"https:\/\/cultura.sma.gob.ar\/index.php?rest_route=%2Fwp%2Fv2%2Fcategories&post=5530"},{"taxonomy":"post_tag","embeddable":true,"href":"https:\/\/cultura.sma.gob.ar\/index.php?rest_route=%2Fwp%2Fv2%2Ftags&post=5530"}],"curies":[{"name":"wp","href":"https:\/\/api.w.org\/{rel}","templated":true}]}}