{"id":5522,"date":"2024-04-11T12:42:37","date_gmt":"2024-04-11T15:42:37","guid":{"rendered":"http:\/\/cultura.sma.gob.ar\/?p=5522"},"modified":"2024-04-11T12:46:21","modified_gmt":"2024-04-11T15:46:21","slug":"rodaje-de-serie-no-se-interrumpira-la-circulacion-peatonal","status":"publish","type":"post","link":"https:\/\/cultura.sma.gob.ar\/?p=5522","title":{"rendered":"Rodaje de serie: no se interrumpir\u00e1 la circulaci\u00f3n peatonal"},"content":{"rendered":"\n\n\n<p>A ra\u00edz del anuncio de cortes de tr\u00e1nsito programados con el fin de llevarse a cabo el rodaje de escenas para una serie en nuestra ciudad, surgieron dudas y preocupaciones en torno a la circulaci\u00f3n peatonal de vecinos y vecinas en el \u00e1rea c\u00e9ntrica. Por tal motivo, tanto el municipio como la productora a cargo del trabajo emitieron aclaraciones para llevar tranquilidad a la ciudadan\u00eda.<\/p>\n\n\n\n<p>Desde el municipio, se aclar\u00f3 que los cortes ser\u00e1n solo para los veh\u00edculos y que la circulaci\u00f3n peatonal no se entorpecer\u00e1, solo ser\u00e1 organizada de forma tal que no afecte la seguridad de las personas respecto a los equipos que est\u00e9n operando en la filmaci\u00f3n. As\u00ed mismo, la productora emiti\u00f3 un comunicado compartiendo m\u00e1s detalles.<\/p>\n\n\n\n<p>&#8220;Con motivo de la filmaci\u00f3n a realizarse en San Mart\u00edn de los Andes y por las preocupaciones l\u00f3gicas generadas en los comerciantes y vecinos de las zonas donde estaremos filmando, comunicamos lo siguiente: <strong>En todas las calles donde se desarrolle la filmaci\u00f3n solo se cortara el tr\u00e1nsito veh\u00edcular. En ning\u00fan caso se prohibir\u00e1 la circulaci\u00f3n peatonal. <\/strong>Solo pediremos la colaboraci\u00f3n de la gente en momentos puntuales, solicitando que caminen por la vereda opuesta a donde estemos instalados con los equipos o para que no salgan en c\u00e1mara&#8221;, explicaron desde la productora. <\/p>\n\n\n\n<p>Adem\u00e1s, aclararon: &#8220;Ser\u00e1n fracciones muy breves las que necesitaremos despejar nuestros fondos visuales por las c\u00e1maras. La mayor\u00eda del tiempo la circulaci\u00f3n estar\u00e1 liberada normalmente. Hay que tener en cuenta que alg\u00fan sector m\u00ednimo puede estar bloqueado por seguridad de los transe\u00fantes ya que estamos trabajando con equipos grandes y con electricidad trif\u00e1sica&#8221;.<\/p>\n\n\n\n<p>Los cortes anunciados permanecen programados, solo para tr\u00e1nsito vehicular, por lo que no perjudicar\u00e1n la circulaci\u00f3n peatonal de la comunidad por el centro de la ciudad.<\/p>\n","protected":false},"excerpt":{"rendered":"<p>A ra\u00edz del anuncio de cortes de tr\u00e1nsito programados con el fin de llevarse a cabo el rodaje de escenas para una serie en nuestra ciudad, surgieron dudas y preocupaciones en torno a la circulaci\u00f3n peatonal de vecinos y vecinas en el \u00e1rea c\u00e9ntrica. Por tal motivo, tanto el municipio como la productora a cargo del trabajo emitieron aclaraciones para llevar tranquilidad a la ciudadan\u00eda. &hellip; <a href=\"https:\/\/cultura.sma.gob.ar\/?p=5522\" class=\"more-link\">Continue reading <span class=\"screen-reader-text\">Rodaje de serie: no se interrumpir\u00e1 la circulaci\u00f3n peatonal<\/span><\/a><\/p>\n","protected":false},"author":1,"featured_media":296,"comment_status":"closed","ping_status":"","sticky":false,"template":"","format":"image","meta":{"footnotes":""},"categories":[3,9],"tags":[],"class_list":["post-5522","post","type-post","status-publish","format-image","has-post-thumbnail","hentry","category-eventos-cultura","category-ultimas-noticias","post_format-post-format-image"],"_links":{"self":[{"href":"https:\/\/cultura.sma.gob.ar\/index.php?rest_route=\/wp\/v2\/posts\/5522","targetHints":{"allow":["GET"]}}],"collection":[{"href":"https:\/\/cultura.sma.gob.ar\/index.php?rest_route=\/wp\/v2\/posts"}],"about":[{"href":"https:\/\/cultura.sma.gob.ar\/index.php?rest_route=\/wp\/v2\/types\/post"}],"author":[{"embeddable":true,"href":"https:\/\/cultura.sma.gob.ar\/index.php?rest_route=\/wp\/v2\/users\/1"}],"replies":[{"embeddable":true,"href":"https:\/\/cultura.sma.gob.ar\/index.php?rest_route=%2Fwp%2Fv2%2Fcomments&post=5522"}],"version-history":[{"count":2,"href":"https:\/\/cultura.sma.gob.ar\/index.php?rest_route=\/wp\/v2\/posts\/5522\/revisions"}],"predecessor-version":[{"id":5525,"href":"https:\/\/cultura.sma.gob.ar\/index.php?rest_route=\/wp\/v2\/posts\/5522\/revisions\/5525"}],"wp:featuredmedia":[{"embeddable":true,"href":"https:\/\/cultura.sma.gob.ar\/index.php?rest_route=\/wp\/v2\/media\/296"}],"wp:attachment":[{"href":"https:\/\/cultura.sma.gob.ar\/index.php?rest_route=%2Fwp%2Fv2%2Fmedia&parent=5522"}],"wp:term":[{"taxonomy":"category","embeddable":true,"href":"https:\/\/cultura.sma.gob.ar\/index.php?rest_route=%2Fwp%2Fv2%2Fcategories&post=5522"},{"taxonomy":"post_tag","embeddable":true,"href":"https:\/\/cultura.sma.gob.ar\/index.php?rest_route=%2Fwp%2Fv2%2Ftags&post=5522"}],"curies":[{"name":"wp","href":"https:\/\/api.w.org\/{rel}","templated":true}]}}