{"id":5511,"date":"2024-04-08T09:36:52","date_gmt":"2024-04-08T12:36:52","guid":{"rendered":"http:\/\/cultura.sma.gob.ar\/?p=5511"},"modified":"2024-04-08T09:36:52","modified_gmt":"2024-04-08T12:36:52","slug":"cine-club-a-beneficio-de-la-asociacion-italiana-esta-semana-se-proyecta-a-la-hora-senalada","status":"publish","type":"post","link":"https:\/\/cultura.sma.gob.ar\/?p=5511","title":{"rendered":"Cine Club a beneficio de la Asociaci\u00f3n Italiana: esta semana se proyecta &#8220;A la hora se\u00f1alada&#8221;"},"content":{"rendered":"\n<figure class=\"wp-block-image size-large\"><img loading=\"lazy\" decoding=\"async\" width=\"1011\" height=\"569\" src=\"https:\/\/cultura.sma.gob.ar\/wp-content\/uploads\/2024\/04\/image004.jpg\" alt=\"\" class=\"wp-image-5512\" srcset=\"https:\/\/cultura.sma.gob.ar\/wp-content\/uploads\/2024\/04\/image004.jpg 1011w, https:\/\/cultura.sma.gob.ar\/wp-content\/uploads\/2024\/04\/image004-300x169.jpg 300w, https:\/\/cultura.sma.gob.ar\/wp-content\/uploads\/2024\/04\/image004-768x432.jpg 768w, https:\/\/cultura.sma.gob.ar\/wp-content\/uploads\/2024\/04\/image004-160x90.jpg 160w\" sizes=\"auto, (max-width: 1011px) 100vw, 1011px\" \/><\/figure>\n\n\n\n<p>Este mi\u00e9rcoles 10 de abril, a las 20:30hs, en la Sala Amankay del Centro Cultural Cotesma, contin\u00faa el ciclo de cine auspiciado por&nbsp;el Rotary Club de San Mart\u00edn de los Andes, con funciones a beneficio de la \u201cAsociaci\u00f3n Italiana de San Mart\u00edn de los Andes\u201d. Presentado y programado por Guillermo Ianniello, el primer ciclo del a\u00f1o lleva el nombre de \u00abEl inolvidable cine cl\u00e1sico\u00bb y ofrece la proyecci\u00f3n de un film imperdible: \u00abA la hora se\u00f1alada\u00bb.<\/p>\n\n\n\n<p>En palabras de Guillermo Ianniello:  &#8220;A la Hora Se\u00f1alada&#8221; es la historia de un valiente y decenas de cobardes, de un hombre honesto que no renuncia al deber pese a que le espera una muerte casi segura, de un sheriff encarnado magistralmente por Gary Cooper al que s\u00f3lo le ofrecen ayuda un borracho tuerto y un ni\u00f1o de catorce a\u00f1os, de una Grace Kelly enamorada que no sabe c\u00f3mo convencer a su marido para eludir un amargo trago, de un pueblo desagradecido y hasta ansioso de sangre, de unos tribunales que dejan libre a un asesino que fue condenado a la horca a sabiendas que lo primero que har\u00e1 ser\u00e1 tratar de vengarse.<\/p>\n\n\n\n<p>S\u00f3lo esto vale para situarla a la altura de las m\u00e1s grandes, pero el tratamiento que se hace del tiempo la colocan entre las mejores pel\u00edculas (no s\u00f3lo westerns) de toda la historia. El continuo uso de los relojes revela la inminencia del enfrentamiento final entre Cooper y los bandidos, mientras que el desarrollo en tiempo real de la pel\u00edcula genera una verdadera angustia en el espectador. En tanto espera la llegada de su rival, Gary intenta sin \u00e9xito buscar apoyos. Y le va cambiando la cara a medida que no los encuentra.<\/p>\n\n\n\n<p>Y entre Cooper, la m\u00fasica y los relojes se va tejiendo una historia excepcional, un cuidado estudio psicol\u00f3gico no s\u00f3lo del sheriff sino de toda una galer\u00eda de secundarios, una historia de honestidad, amor, deslealtad y tambi\u00e9n de soledad, claro. Una historia que se enriquece con los peque\u00f1os detalles y que se va cargando de tensi\u00f3n a medida que va faltando menos para que llegue el tren de las 12. Una historia que se disfruta plano a plano. Un cl\u00e1sico de todos los tiempos. Joya absoluta&#8221;.<\/p>\n\n\n\n<p>G\u00e9nero: Drama &#8211; Suspenso &#8211; Farwest&nbsp;<\/p>\n\n\n\n<p>Direcci\u00f3n: Fred Zinnemann<\/p>\n\n\n\n<p>Gui\u00f3n Adaptado: Carl Foreman<\/p>\n\n\n\n<p>Director de Fotograf\u00eda: Floyd Crosby<\/p>\n\n\n\n<p>Banda Sonora: Dimitri Tiomkin<\/p>\n\n\n\n<p>Idioma: Ingl\u00e9s&nbsp;<\/p>\n\n\n\n<p>Subt\u00edtulos en espa\u00f1ol<\/p>\n\n\n\n<p>Pa\u00eds de Origen: Estados Unidos<\/p>\n\n\n\n<p>Productor: Stanley Kramer<\/p>\n\n\n\n<p>Estudios: United Artists<\/p>\n\n\n\n<p>Lugares de Filmaci\u00f3n: California (Estados Unidos)<\/p>\n\n\n\n<p>A\u00f1o de Rodaje: 1952<\/p>\n\n\n\n<p>Premios: Mejor Pel\u00edcula &#8211; Mejor Director &#8211; Mejor Gui\u00f3n &#8211; Mejor Banda Sonora<br>&#8211; Mejor Actor &#8211; Mejor Actriz&nbsp; &nbsp; &nbsp;<\/p>\n\n\n\n<p>Duraci\u00f3n: 1 hora 25 minutos<\/p>\n","protected":false},"excerpt":{"rendered":"<p>Este mi\u00e9rcoles 10 de abril, a las 20:30hs, en la Sala Amankay del Centro Cultural Cotesma, contin\u00faa el ciclo de cine auspiciado por&nbsp;el Rotary Club de San Mart\u00edn de los Andes, con funciones a beneficio de la \u201cAsociaci\u00f3n Italiana de San Mart\u00edn de los Andes\u201d. Presentado y programado por Guillermo Ianniello, el primer ciclo del a\u00f1o lleva el nombre de \u00abEl inolvidable cine cl\u00e1sico\u00bb y &hellip; <a href=\"https:\/\/cultura.sma.gob.ar\/?p=5511\" class=\"more-link\">Continue reading <span class=\"screen-reader-text\">Cine Club a beneficio de la Asociaci\u00f3n Italiana: esta semana se proyecta &#8220;A la hora se\u00f1alada&#8221;<\/span><\/a><\/p>\n","protected":false},"author":1,"featured_media":297,"comment_status":"closed","ping_status":"","sticky":false,"template":"","format":"image","meta":{"footnotes":""},"categories":[2,9],"tags":[],"class_list":["post-5511","post","type-post","status-publish","format-image","has-post-thumbnail","hentry","category-ciudad-cultural","category-ultimas-noticias","post_format-post-format-image"],"_links":{"self":[{"href":"https:\/\/cultura.sma.gob.ar\/index.php?rest_route=\/wp\/v2\/posts\/5511","targetHints":{"allow":["GET"]}}],"collection":[{"href":"https:\/\/cultura.sma.gob.ar\/index.php?rest_route=\/wp\/v2\/posts"}],"about":[{"href":"https:\/\/cultura.sma.gob.ar\/index.php?rest_route=\/wp\/v2\/types\/post"}],"author":[{"embeddable":true,"href":"https:\/\/cultura.sma.gob.ar\/index.php?rest_route=\/wp\/v2\/users\/1"}],"replies":[{"embeddable":true,"href":"https:\/\/cultura.sma.gob.ar\/index.php?rest_route=%2Fwp%2Fv2%2Fcomments&post=5511"}],"version-history":[{"count":1,"href":"https:\/\/cultura.sma.gob.ar\/index.php?rest_route=\/wp\/v2\/posts\/5511\/revisions"}],"predecessor-version":[{"id":5513,"href":"https:\/\/cultura.sma.gob.ar\/index.php?rest_route=\/wp\/v2\/posts\/5511\/revisions\/5513"}],"wp:featuredmedia":[{"embeddable":true,"href":"https:\/\/cultura.sma.gob.ar\/index.php?rest_route=\/wp\/v2\/media\/297"}],"wp:attachment":[{"href":"https:\/\/cultura.sma.gob.ar\/index.php?rest_route=%2Fwp%2Fv2%2Fmedia&parent=5511"}],"wp:term":[{"taxonomy":"category","embeddable":true,"href":"https:\/\/cultura.sma.gob.ar\/index.php?rest_route=%2Fwp%2Fv2%2Fcategories&post=5511"},{"taxonomy":"post_tag","embeddable":true,"href":"https:\/\/cultura.sma.gob.ar\/index.php?rest_route=%2Fwp%2Fv2%2Ftags&post=5511"}],"curies":[{"name":"wp","href":"https:\/\/api.w.org\/{rel}","templated":true}]}}