{"id":5504,"date":"2024-04-08T08:50:45","date_gmt":"2024-04-08T11:50:45","guid":{"rendered":"http:\/\/cultura.sma.gob.ar\/?p=5504"},"modified":"2024-04-09T10:13:27","modified_gmt":"2024-04-09T13:13:27","slug":"cortes-de-calle-en-el-centro-de-la-ciudad-por-rodaje-de-una-serie","status":"publish","type":"post","link":"https:\/\/cultura.sma.gob.ar\/?p=5504","title":{"rendered":"Cortes de calle en el centro de la ciudad por rodaje de una serie"},"content":{"rendered":"\n<figure class=\"wp-block-image size-large\"><img loading=\"lazy\" decoding=\"async\" width=\"1024\" height=\"1024\" src=\"https:\/\/cultura.sma.gob.ar\/wp-content\/uploads\/2024\/04\/WhatsApp-Image-2024-04-08-at-8.49.58-AM-1024x1024.jpeg\" alt=\"\" class=\"wp-image-5505\" srcset=\"https:\/\/cultura.sma.gob.ar\/wp-content\/uploads\/2024\/04\/WhatsApp-Image-2024-04-08-at-8.49.58-AM-1024x1024.jpeg 1024w, https:\/\/cultura.sma.gob.ar\/wp-content\/uploads\/2024\/04\/WhatsApp-Image-2024-04-08-at-8.49.58-AM-300x300.jpeg 300w, https:\/\/cultura.sma.gob.ar\/wp-content\/uploads\/2024\/04\/WhatsApp-Image-2024-04-08-at-8.49.58-AM-150x150.jpeg 150w, https:\/\/cultura.sma.gob.ar\/wp-content\/uploads\/2024\/04\/WhatsApp-Image-2024-04-08-at-8.49.58-AM-768x768.jpeg 768w, https:\/\/cultura.sma.gob.ar\/wp-content\/uploads\/2024\/04\/WhatsApp-Image-2024-04-08-at-8.49.58-AM-90x90.jpeg 90w, https:\/\/cultura.sma.gob.ar\/wp-content\/uploads\/2024\/04\/WhatsApp-Image-2024-04-08-at-8.49.58-AM.jpeg 1080w\" sizes=\"auto, (max-width: 1024px) 100vw, 1024px\" \/><\/figure>\n\n\n\n<p>Desde el 8 de abril al 9 de mayo, nuestra ciudad y sus alrededores ser\u00e1n escenario del rodaje de una importante serie producida para una plataforma de <em>streaming<\/em>.<\/p>\n\n\n\n<p>Desde la Secretar\u00eda de Tr\u00e1nsito, Transporte y Seguridad Vial se informa que, desde este lunes 8, se estar\u00e1n llevando a cabo interrupciones en el tr\u00e1nsito vehicular y peatonal.\u00a0Los cortes peatonales ser\u00e1n din\u00e1micos, solo en el tiempo que duren las tomas.<\/p>\n\n\n\n<p>Compartimos el detalle a continuaci\u00f3n para tener en cuenta al momento de circular por el centro de la ciudad:<\/p>\n\n\n\n<p><strong>Mi\u00e9rcoles 10\/4 de 7 a 19 hs.<\/strong><\/p>\n\n\n\n<ul class=\"wp-block-list\"><li>Corte total Av. Costanera<\/li><li>Permiso para estacionamiento: Juez del valle entre calle Villegas y San Mart\u00edn<\/li><\/ul>\n\n\n\n<p><strong>Viernes 12\/4 de 7 a 19hs.<\/strong><\/p>\n\n\n\n<ul class=\"wp-block-list\"><li>Corte total Av. Costanera<\/li><li>Permiso para estacionamiento: Juez del valle entre calle Villegas y San Mart\u00edn<\/li><\/ul>\n\n\n\n<p><strong>Desde el lunes 15 al viernes 19 de abril&nbsp;<\/strong><\/p>\n\n\n\n<ul class=\"wp-block-list\"><li>Corte total de 7 a 19 hs&nbsp; de calle M. Moreno entre Av. San Mart\u00edn y calle Perito Moreno; corte total de Calle Gral. Roca entre calle Rivadavia y calle Cnel. P\u00e9rez.<\/li><li>Permiso de despeje por filmaci\u00f3n 24 hs: Calle Gral. Roca entre calle Rivadavia y calle Cnel. P\u00e9rez<\/li><\/ul>\n\n\n\n<p><strong>Jueves 2&nbsp; y Viernes 3 de mayo de 15 a 4hs.<\/strong>&nbsp;<\/p>\n\n\n\n<ul class=\"wp-block-list\"><li>Corte total&nbsp; de calle M. Moreno entre Av. San Mart\u00edn y calle Perito Moreno; corte total de Calle Gral. Roca entre calle Rivadavia y calle Cnel. P\u00e9rez.<\/li><li>Permiso de despeje por filmaci\u00f3n 24 hs: Calle Gral. Roca entre calle Rivadavia y calle Cnel. P\u00e9rez.<\/li><\/ul>\n\n\n\n<p><strong>Martes 7 de mayo<\/strong>:<\/p>\n\n\n\n<ul class=\"wp-block-list\"><li>&nbsp;Mirador Michel Rinke de 8 a 20hs. Permiso para estacionar en la cercan\u00eda y filmar.<\/li><\/ul>\n\n\n\n<p>Se recomienda a vecinos y vecinas&nbsp;<strong>evitar dejar autos estacionados en los tramos mencionados a fin de evitar inconvenientes.<\/strong><\/p>\n","protected":false},"excerpt":{"rendered":"<p>Desde el 8 de abril al 9 de mayo, nuestra ciudad y sus alrededores ser\u00e1n escenario del rodaje de una importante serie producida para una plataforma de streaming. Desde la Secretar\u00eda de Tr\u00e1nsito, Transporte y Seguridad Vial se informa que, desde este lunes 8, se estar\u00e1n llevando a cabo interrupciones en el tr\u00e1nsito vehicular y peatonal.\u00a0Los cortes peatonales ser\u00e1n din\u00e1micos, solo en el tiempo que &hellip; <a href=\"https:\/\/cultura.sma.gob.ar\/?p=5504\" class=\"more-link\">Continue reading <span class=\"screen-reader-text\">Cortes de calle en el centro de la ciudad por rodaje de una serie<\/span><\/a><\/p>\n","protected":false},"author":1,"featured_media":296,"comment_status":"closed","ping_status":"","sticky":false,"template":"","format":"image","meta":{"footnotes":""},"categories":[3,9],"tags":[],"class_list":["post-5504","post","type-post","status-publish","format-image","has-post-thumbnail","hentry","category-eventos-cultura","category-ultimas-noticias","post_format-post-format-image"],"_links":{"self":[{"href":"https:\/\/cultura.sma.gob.ar\/index.php?rest_route=\/wp\/v2\/posts\/5504","targetHints":{"allow":["GET"]}}],"collection":[{"href":"https:\/\/cultura.sma.gob.ar\/index.php?rest_route=\/wp\/v2\/posts"}],"about":[{"href":"https:\/\/cultura.sma.gob.ar\/index.php?rest_route=\/wp\/v2\/types\/post"}],"author":[{"embeddable":true,"href":"https:\/\/cultura.sma.gob.ar\/index.php?rest_route=\/wp\/v2\/users\/1"}],"replies":[{"embeddable":true,"href":"https:\/\/cultura.sma.gob.ar\/index.php?rest_route=%2Fwp%2Fv2%2Fcomments&post=5504"}],"version-history":[{"count":2,"href":"https:\/\/cultura.sma.gob.ar\/index.php?rest_route=\/wp\/v2\/posts\/5504\/revisions"}],"predecessor-version":[{"id":5515,"href":"https:\/\/cultura.sma.gob.ar\/index.php?rest_route=\/wp\/v2\/posts\/5504\/revisions\/5515"}],"wp:featuredmedia":[{"embeddable":true,"href":"https:\/\/cultura.sma.gob.ar\/index.php?rest_route=\/wp\/v2\/media\/296"}],"wp:attachment":[{"href":"https:\/\/cultura.sma.gob.ar\/index.php?rest_route=%2Fwp%2Fv2%2Fmedia&parent=5504"}],"wp:term":[{"taxonomy":"category","embeddable":true,"href":"https:\/\/cultura.sma.gob.ar\/index.php?rest_route=%2Fwp%2Fv2%2Fcategories&post=5504"},{"taxonomy":"post_tag","embeddable":true,"href":"https:\/\/cultura.sma.gob.ar\/index.php?rest_route=%2Fwp%2Fv2%2Ftags&post=5504"}],"curies":[{"name":"wp","href":"https:\/\/api.w.org\/{rel}","templated":true}]}}