{"id":5497,"date":"2024-04-05T16:20:43","date_gmt":"2024-04-05T19:20:43","guid":{"rendered":"http:\/\/cultura.sma.gob.ar\/?p=5497"},"modified":"2024-04-05T16:20:43","modified_gmt":"2024-04-05T19:20:43","slug":"taller-teatro-expandido","status":"publish","type":"post","link":"https:\/\/cultura.sma.gob.ar\/?p=5497","title":{"rendered":"Taller: teatro expandido"},"content":{"rendered":"\n<figure class=\"wp-block-image size-large\"><img loading=\"lazy\" decoding=\"async\" width=\"1024\" height=\"1024\" src=\"https:\/\/cultura.sma.gob.ar\/wp-content\/uploads\/2024\/04\/WhatsApp-Image-2024-04-05-at-4.19.07-PM-1024x1024.jpeg\" alt=\"\" class=\"wp-image-5498\" srcset=\"https:\/\/cultura.sma.gob.ar\/wp-content\/uploads\/2024\/04\/WhatsApp-Image-2024-04-05-at-4.19.07-PM-1024x1024.jpeg 1024w, https:\/\/cultura.sma.gob.ar\/wp-content\/uploads\/2024\/04\/WhatsApp-Image-2024-04-05-at-4.19.07-PM-300x300.jpeg 300w, https:\/\/cultura.sma.gob.ar\/wp-content\/uploads\/2024\/04\/WhatsApp-Image-2024-04-05-at-4.19.07-PM-150x150.jpeg 150w, https:\/\/cultura.sma.gob.ar\/wp-content\/uploads\/2024\/04\/WhatsApp-Image-2024-04-05-at-4.19.07-PM-768x768.jpeg 768w, https:\/\/cultura.sma.gob.ar\/wp-content\/uploads\/2024\/04\/WhatsApp-Image-2024-04-05-at-4.19.07-PM-90x90.jpeg 90w, https:\/\/cultura.sma.gob.ar\/wp-content\/uploads\/2024\/04\/WhatsApp-Image-2024-04-05-at-4.19.07-PM.jpeg 1080w\" sizes=\"auto, (max-width: 1024px) 100vw, 1024px\" \/><\/figure>\n\n\n\n<p>TEATRO EXPANDIDO aborda el aprendizaje de la t\u00e9cnica vocal y corporal como pilares fundamentales de la actuaci\u00f3n, ofreciendo as\u00ed una formaci\u00f3n integral para artistas esc\u00e9nicos.<\/p>\n\n\n\n<p>\ud83c\udfad La propuesta, de dos a\u00f1os de duraci\u00f3n, contempla un periodo de iniciaci\u00f3n en el que trabajaremos teatro f\u00edsico, clown, comedia del arte, y otras m\u00e1scaras. Luego tomaremos ejercicios y herramientas provenientes de la antropolog\u00eda teatral, y llegaremos al final del proceso realizando una creaci\u00f3n colectiva.<\/p>\n\n\n\n<p>\ud83c\udf89 Conoc\u00e9 gente nueva con las mismas inquietudes.<br>Ven\u00ed a divertirte y liberar tu creatividad.<br>No importa tu experiencia previa, este taller est\u00e1 dise\u00f1ado para todos los niveles.<\/p>\n\n\n\n<p>\ud83d\udcccLunes de 19 a 21hs<br>En Espacio Trama \ud83e\udde9<br>Iniciamos el 15 de Abril.<\/p>\n\n\n\n<p>Reserva tu lugar enviando un mensaje al<br>\u260e\ufe0f1126875738<br>\ud83d\udcec miguemoragateatro@gmail.com<\/p>\n\n\n\n<p>\u00a1No te pierdas esta oportunidad \u00fanica de explorar tu lado m\u00e1s creativo!<\/p>\n\n\n\n<p>Facilitan: Miguel Moraga, Mariela Lobato y Noelia Meilerman.<\/p>\n","protected":false},"excerpt":{"rendered":"<p>TEATRO EXPANDIDO aborda el aprendizaje de la t\u00e9cnica vocal y corporal como pilares fundamentales de la actuaci\u00f3n, ofreciendo as\u00ed una formaci\u00f3n integral para artistas esc\u00e9nicos. \ud83c\udfad La propuesta, de dos a\u00f1os de duraci\u00f3n, contempla un periodo de iniciaci\u00f3n en el que trabajaremos teatro f\u00edsico, clown, comedia del arte, y otras m\u00e1scaras. Luego tomaremos ejercicios y herramientas provenientes de la antropolog\u00eda teatral, y llegaremos al final &hellip; <a href=\"https:\/\/cultura.sma.gob.ar\/?p=5497\" class=\"more-link\">Continue reading <span class=\"screen-reader-text\">Taller: teatro expandido<\/span><\/a><\/p>\n","protected":false},"author":1,"featured_media":297,"comment_status":"closed","ping_status":"","sticky":false,"template":"","format":"image","meta":{"footnotes":""},"categories":[2,9],"tags":[],"class_list":["post-5497","post","type-post","status-publish","format-image","has-post-thumbnail","hentry","category-ciudad-cultural","category-ultimas-noticias","post_format-post-format-image"],"_links":{"self":[{"href":"https:\/\/cultura.sma.gob.ar\/index.php?rest_route=\/wp\/v2\/posts\/5497","targetHints":{"allow":["GET"]}}],"collection":[{"href":"https:\/\/cultura.sma.gob.ar\/index.php?rest_route=\/wp\/v2\/posts"}],"about":[{"href":"https:\/\/cultura.sma.gob.ar\/index.php?rest_route=\/wp\/v2\/types\/post"}],"author":[{"embeddable":true,"href":"https:\/\/cultura.sma.gob.ar\/index.php?rest_route=\/wp\/v2\/users\/1"}],"replies":[{"embeddable":true,"href":"https:\/\/cultura.sma.gob.ar\/index.php?rest_route=%2Fwp%2Fv2%2Fcomments&post=5497"}],"version-history":[{"count":1,"href":"https:\/\/cultura.sma.gob.ar\/index.php?rest_route=\/wp\/v2\/posts\/5497\/revisions"}],"predecessor-version":[{"id":5499,"href":"https:\/\/cultura.sma.gob.ar\/index.php?rest_route=\/wp\/v2\/posts\/5497\/revisions\/5499"}],"wp:featuredmedia":[{"embeddable":true,"href":"https:\/\/cultura.sma.gob.ar\/index.php?rest_route=\/wp\/v2\/media\/297"}],"wp:attachment":[{"href":"https:\/\/cultura.sma.gob.ar\/index.php?rest_route=%2Fwp%2Fv2%2Fmedia&parent=5497"}],"wp:term":[{"taxonomy":"category","embeddable":true,"href":"https:\/\/cultura.sma.gob.ar\/index.php?rest_route=%2Fwp%2Fv2%2Fcategories&post=5497"},{"taxonomy":"post_tag","embeddable":true,"href":"https:\/\/cultura.sma.gob.ar\/index.php?rest_route=%2Fwp%2Fv2%2Ftags&post=5497"}],"curies":[{"name":"wp","href":"https:\/\/api.w.org\/{rel}","templated":true}]}}