{"id":5490,"date":"2024-04-03T15:19:03","date_gmt":"2024-04-03T18:19:03","guid":{"rendered":"http:\/\/cultura.sma.gob.ar\/?p=5490"},"modified":"2024-04-03T15:19:03","modified_gmt":"2024-04-03T18:19:03","slug":"cartelera-san-jose-laboratorio-de-danza-de-raiz-folklorica","status":"publish","type":"post","link":"https:\/\/cultura.sma.gob.ar\/?p=5490","title":{"rendered":"Cartelera San Jos\u00e9: Laboratorio de danza de ra\u00edz folkl\u00f3rica"},"content":{"rendered":"\n<figure class=\"wp-block-image size-large\"><img loading=\"lazy\" decoding=\"async\" width=\"1024\" height=\"1006\" src=\"https:\/\/cultura.sma.gob.ar\/wp-content\/uploads\/2024\/04\/WhatsApp-Image-2024-04-03-at-3.12.38-PM-1024x1006.jpeg\" alt=\"\" class=\"wp-image-5491\" srcset=\"https:\/\/cultura.sma.gob.ar\/wp-content\/uploads\/2024\/04\/WhatsApp-Image-2024-04-03-at-3.12.38-PM-1024x1006.jpeg 1024w, https:\/\/cultura.sma.gob.ar\/wp-content\/uploads\/2024\/04\/WhatsApp-Image-2024-04-03-at-3.12.38-PM-300x295.jpeg 300w, https:\/\/cultura.sma.gob.ar\/wp-content\/uploads\/2024\/04\/WhatsApp-Image-2024-04-03-at-3.12.38-PM-768x754.jpeg 768w, https:\/\/cultura.sma.gob.ar\/wp-content\/uploads\/2024\/04\/WhatsApp-Image-2024-04-03-at-3.12.38-PM-92x90.jpeg 92w, https:\/\/cultura.sma.gob.ar\/wp-content\/uploads\/2024\/04\/WhatsApp-Image-2024-04-03-at-3.12.38-PM.jpeg 1080w\" sizes=\"auto, (max-width: 1024px) 100vw, 1024px\" \/><\/figure>\n\n\n\n<p>Encuentros para la danza- Laboratorio de Danza de Ra\u00edz Folklorica.\u00a0<\/p>\n\n\n\n<p>Facilita: Cristian Sayhueque<\/p>\n\n\n\n<p>Inicio: Mi\u00e9rcoles 10\/04\/2024<\/p>\n\n\n\n<p>Teatro San Jos\u00e9<\/p>\n\n\n\n<p>Para inscripciones 2972 509372<\/p>\n","protected":false},"excerpt":{"rendered":"<p>Encuentros para la danza- Laboratorio de Danza de Ra\u00edz Folklorica.\u00a0 Facilita: Cristian Sayhueque Inicio: Mi\u00e9rcoles 10\/04\/2024 Teatro San Jos\u00e9 Para inscripciones 2972 509372 <a href=\"https:\/\/cultura.sma.gob.ar\/?p=5490\" class=\"more-link\">Continue reading <span class=\"screen-reader-text\">Cartelera San Jos\u00e9: Laboratorio de danza de ra\u00edz folkl\u00f3rica<\/span><\/a><\/p>\n","protected":false},"author":1,"featured_media":292,"comment_status":"closed","ping_status":"","sticky":false,"template":"","format":"image","meta":{"footnotes":""},"categories":[8,9],"tags":[],"class_list":["post-5490","post","type-post","status-publish","format-image","has-post-thumbnail","hentry","category-teatro-san-jose","category-ultimas-noticias","post_format-post-format-image"],"_links":{"self":[{"href":"https:\/\/cultura.sma.gob.ar\/index.php?rest_route=\/wp\/v2\/posts\/5490","targetHints":{"allow":["GET"]}}],"collection":[{"href":"https:\/\/cultura.sma.gob.ar\/index.php?rest_route=\/wp\/v2\/posts"}],"about":[{"href":"https:\/\/cultura.sma.gob.ar\/index.php?rest_route=\/wp\/v2\/types\/post"}],"author":[{"embeddable":true,"href":"https:\/\/cultura.sma.gob.ar\/index.php?rest_route=\/wp\/v2\/users\/1"}],"replies":[{"embeddable":true,"href":"https:\/\/cultura.sma.gob.ar\/index.php?rest_route=%2Fwp%2Fv2%2Fcomments&post=5490"}],"version-history":[{"count":1,"href":"https:\/\/cultura.sma.gob.ar\/index.php?rest_route=\/wp\/v2\/posts\/5490\/revisions"}],"predecessor-version":[{"id":5492,"href":"https:\/\/cultura.sma.gob.ar\/index.php?rest_route=\/wp\/v2\/posts\/5490\/revisions\/5492"}],"wp:featuredmedia":[{"embeddable":true,"href":"https:\/\/cultura.sma.gob.ar\/index.php?rest_route=\/wp\/v2\/media\/292"}],"wp:attachment":[{"href":"https:\/\/cultura.sma.gob.ar\/index.php?rest_route=%2Fwp%2Fv2%2Fmedia&parent=5490"}],"wp:term":[{"taxonomy":"category","embeddable":true,"href":"https:\/\/cultura.sma.gob.ar\/index.php?rest_route=%2Fwp%2Fv2%2Fcategories&post=5490"},{"taxonomy":"post_tag","embeddable":true,"href":"https:\/\/cultura.sma.gob.ar\/index.php?rest_route=%2Fwp%2Fv2%2Ftags&post=5490"}],"curies":[{"name":"wp","href":"https:\/\/api.w.org\/{rel}","templated":true}]}}