{"id":549,"date":"2020-11-03T13:24:17","date_gmt":"2020-11-03T16:24:17","guid":{"rendered":"http:\/\/cultura.sma.gob.ar\/?p=549"},"modified":"2020-11-06T15:44:33","modified_gmt":"2020-11-06T18:44:33","slug":"hora-del-cuento-14-feria-regional-del-libro-2","status":"publish","type":"post","link":"https:\/\/cultura.sma.gob.ar\/?p=549","title":{"rendered":"Hora del cuento &#8211; 14\u00b0 Feria Regional del Libro"},"content":{"rendered":"\n<figure class=\"wp-block-image size-large\"><img loading=\"lazy\" decoding=\"async\" width=\"783\" height=\"785\" src=\"http:\/\/cultura.sma.gob.ar\/wp-content\/uploads\/2020\/11\/EUGENIA.png\" alt=\"\" class=\"wp-image-663\" srcset=\"https:\/\/cultura.sma.gob.ar\/wp-content\/uploads\/2020\/11\/EUGENIA.png 783w, https:\/\/cultura.sma.gob.ar\/wp-content\/uploads\/2020\/11\/EUGENIA-300x300.png 300w, https:\/\/cultura.sma.gob.ar\/wp-content\/uploads\/2020\/11\/EUGENIA-150x150.png 150w, https:\/\/cultura.sma.gob.ar\/wp-content\/uploads\/2020\/11\/EUGENIA-768x770.png 768w, https:\/\/cultura.sma.gob.ar\/wp-content\/uploads\/2020\/11\/EUGENIA-90x90.png 90w\" sizes=\"auto, (max-width: 783px) 100vw, 783px\" \/><\/figure>\n\n\n\n<p>Por Secretar\u00eda de Cultura<\/p>\n\n\n\n<ul class=\"wp-block-list\"><li>Martes 10- 17 hs a 19 hs<\/li><\/ul>\n\n\n\n<p>En la Sala Municipal de exposiciones \u201cLidaura Chapitel\u201d<\/p>\n\n\n\n<p>Dirigido a ni\u00f1os\/as<\/p>\n\n\n\n<p>Duraci\u00f3n: 2 hs<\/p>\n\n\n\n<h4 class=\"wp-block-heading\">Reserv\u00e1 tu lugar escribiendo a talleres.cultura@smandes.gov.ar o llamando al<br>424-804<\/h4>\n\n\n\n<p>La escritora infantil Mebylet, autora de \u201cDecisi\u00f3n para valientes\u201d, estar\u00e1<br>generando un espacio de lectura donde relatar\u00e1 cuentos para los ni\u00f1os y ni\u00f1as<br>que asistan a la feria del libro. Habr\u00e1 nuevas lecturas cada media hora.<\/p>\n","protected":false},"excerpt":{"rendered":"<p>Actividad con protocolo sanitario e inscripci\u00f3n previa. <a href=\"https:\/\/cultura.sma.gob.ar\/?p=549\" class=\"more-link\">Continue reading <span class=\"screen-reader-text\">Hora del cuento &#8211; 14\u00b0 Feria Regional del Libro<\/span><\/a><\/p>\n","protected":false},"author":1,"featured_media":296,"comment_status":"closed","ping_status":"","sticky":false,"template":"","format":"image","meta":{"footnotes":""},"categories":[3,9],"tags":[],"class_list":["post-549","post","type-post","status-publish","format-image","has-post-thumbnail","hentry","category-eventos-cultura","category-ultimas-noticias","post_format-post-format-image"],"_links":{"self":[{"href":"https:\/\/cultura.sma.gob.ar\/index.php?rest_route=\/wp\/v2\/posts\/549","targetHints":{"allow":["GET"]}}],"collection":[{"href":"https:\/\/cultura.sma.gob.ar\/index.php?rest_route=\/wp\/v2\/posts"}],"about":[{"href":"https:\/\/cultura.sma.gob.ar\/index.php?rest_route=\/wp\/v2\/types\/post"}],"author":[{"embeddable":true,"href":"https:\/\/cultura.sma.gob.ar\/index.php?rest_route=\/wp\/v2\/users\/1"}],"replies":[{"embeddable":true,"href":"https:\/\/cultura.sma.gob.ar\/index.php?rest_route=%2Fwp%2Fv2%2Fcomments&post=549"}],"version-history":[{"count":4,"href":"https:\/\/cultura.sma.gob.ar\/index.php?rest_route=\/wp\/v2\/posts\/549\/revisions"}],"predecessor-version":[{"id":666,"href":"https:\/\/cultura.sma.gob.ar\/index.php?rest_route=\/wp\/v2\/posts\/549\/revisions\/666"}],"wp:featuredmedia":[{"embeddable":true,"href":"https:\/\/cultura.sma.gob.ar\/index.php?rest_route=\/wp\/v2\/media\/296"}],"wp:attachment":[{"href":"https:\/\/cultura.sma.gob.ar\/index.php?rest_route=%2Fwp%2Fv2%2Fmedia&parent=549"}],"wp:term":[{"taxonomy":"category","embeddable":true,"href":"https:\/\/cultura.sma.gob.ar\/index.php?rest_route=%2Fwp%2Fv2%2Fcategories&post=549"},{"taxonomy":"post_tag","embeddable":true,"href":"https:\/\/cultura.sma.gob.ar\/index.php?rest_route=%2Fwp%2Fv2%2Ftags&post=549"}],"curies":[{"name":"wp","href":"https:\/\/api.w.org\/{rel}","templated":true}]}}