{"id":5486,"date":"2024-04-03T15:15:10","date_gmt":"2024-04-03T18:15:10","guid":{"rendered":"http:\/\/cultura.sma.gob.ar\/?p=5486"},"modified":"2024-04-03T15:15:10","modified_gmt":"2024-04-03T18:15:10","slug":"cartelera-san-jose-engendramiento-reciproco","status":"publish","type":"post","link":"https:\/\/cultura.sma.gob.ar\/?p=5486","title":{"rendered":"Cartelera San Jos\u00e9: &#8220;Engendramiento rec\u00edproco&#8221;"},"content":{"rendered":"\n<figure class=\"wp-block-image size-large\"><img loading=\"lazy\" decoding=\"async\" width=\"1024\" height=\"1017\" src=\"https:\/\/cultura.sma.gob.ar\/wp-content\/uploads\/2024\/04\/WhatsApp-Image-2024-04-03-at-3.12.40-PM-1024x1017.jpeg\" alt=\"\" class=\"wp-image-5488\" srcset=\"https:\/\/cultura.sma.gob.ar\/wp-content\/uploads\/2024\/04\/WhatsApp-Image-2024-04-03-at-3.12.40-PM-1024x1017.jpeg 1024w, https:\/\/cultura.sma.gob.ar\/wp-content\/uploads\/2024\/04\/WhatsApp-Image-2024-04-03-at-3.12.40-PM-300x298.jpeg 300w, https:\/\/cultura.sma.gob.ar\/wp-content\/uploads\/2024\/04\/WhatsApp-Image-2024-04-03-at-3.12.40-PM-150x150.jpeg 150w, https:\/\/cultura.sma.gob.ar\/wp-content\/uploads\/2024\/04\/WhatsApp-Image-2024-04-03-at-3.12.40-PM-768x763.jpeg 768w, https:\/\/cultura.sma.gob.ar\/wp-content\/uploads\/2024\/04\/WhatsApp-Image-2024-04-03-at-3.12.40-PM-91x90.jpeg 91w, https:\/\/cultura.sma.gob.ar\/wp-content\/uploads\/2024\/04\/WhatsApp-Image-2024-04-03-at-3.12.40-PM.jpeg 1080w\" sizes=\"auto, (max-width: 1024px) 100vw, 1024px\" \/><\/figure>\n\n\n\n<p>Este viernes 05\/04 a las 20:30 hs se presentar\u00e1 &#8220;Engendramiento Rec\u00edproco&#8221;, provocado por las experiencias del seminario de -Entrenamiento f\u00edsico y vocal para la Creaci\u00f3n colectiva- Propuesto por Naftali Villalba y acompa\u00f1ado en la puesta por Caco Fern\u00e1ndez, Juan Cruz del Cerro y 13 artistas engendrando(se) en la reciprocidad creativa.\u00a0<\/p>\n\n\n\n<p>Lugar: Teatro San Jos\u00e9<\/p>\n\n\n\n<p>Hora: 20:30 hs.<\/p>\n\n\n\n<p>Espect\u00e1culo a la gorra.\u00a0<\/p>\n","protected":false},"excerpt":{"rendered":"<p>Este viernes 05\/04 a las 20:30 hs se presentar\u00e1 &#8220;Engendramiento Rec\u00edproco&#8221;, provocado por las experiencias del seminario de -Entrenamiento f\u00edsico y vocal para la Creaci\u00f3n colectiva- Propuesto por Naftali Villalba y acompa\u00f1ado en la puesta por Caco Fern\u00e1ndez, Juan Cruz del Cerro y 13 artistas engendrando(se) en la reciprocidad creativa.\u00a0 Lugar: Teatro San Jos\u00e9 Hora: 20:30 hs. Espect\u00e1culo a la gorra.\u00a0 <a href=\"https:\/\/cultura.sma.gob.ar\/?p=5486\" class=\"more-link\">Continue reading <span class=\"screen-reader-text\">Cartelera San Jos\u00e9: &#8220;Engendramiento rec\u00edproco&#8221;<\/span><\/a><\/p>\n","protected":false},"author":1,"featured_media":292,"comment_status":"closed","ping_status":"","sticky":false,"template":"","format":"image","meta":{"footnotes":""},"categories":[8,9],"tags":[],"class_list":["post-5486","post","type-post","status-publish","format-image","has-post-thumbnail","hentry","category-teatro-san-jose","category-ultimas-noticias","post_format-post-format-image"],"_links":{"self":[{"href":"https:\/\/cultura.sma.gob.ar\/index.php?rest_route=\/wp\/v2\/posts\/5486","targetHints":{"allow":["GET"]}}],"collection":[{"href":"https:\/\/cultura.sma.gob.ar\/index.php?rest_route=\/wp\/v2\/posts"}],"about":[{"href":"https:\/\/cultura.sma.gob.ar\/index.php?rest_route=\/wp\/v2\/types\/post"}],"author":[{"embeddable":true,"href":"https:\/\/cultura.sma.gob.ar\/index.php?rest_route=\/wp\/v2\/users\/1"}],"replies":[{"embeddable":true,"href":"https:\/\/cultura.sma.gob.ar\/index.php?rest_route=%2Fwp%2Fv2%2Fcomments&post=5486"}],"version-history":[{"count":1,"href":"https:\/\/cultura.sma.gob.ar\/index.php?rest_route=\/wp\/v2\/posts\/5486\/revisions"}],"predecessor-version":[{"id":5489,"href":"https:\/\/cultura.sma.gob.ar\/index.php?rest_route=\/wp\/v2\/posts\/5486\/revisions\/5489"}],"wp:featuredmedia":[{"embeddable":true,"href":"https:\/\/cultura.sma.gob.ar\/index.php?rest_route=\/wp\/v2\/media\/292"}],"wp:attachment":[{"href":"https:\/\/cultura.sma.gob.ar\/index.php?rest_route=%2Fwp%2Fv2%2Fmedia&parent=5486"}],"wp:term":[{"taxonomy":"category","embeddable":true,"href":"https:\/\/cultura.sma.gob.ar\/index.php?rest_route=%2Fwp%2Fv2%2Fcategories&post=5486"},{"taxonomy":"post_tag","embeddable":true,"href":"https:\/\/cultura.sma.gob.ar\/index.php?rest_route=%2Fwp%2Fv2%2Ftags&post=5486"}],"curies":[{"name":"wp","href":"https:\/\/api.w.org\/{rel}","templated":true}]}}