{"id":5472,"date":"2024-03-29T13:54:41","date_gmt":"2024-03-29T16:54:41","guid":{"rendered":"http:\/\/cultura.sma.gob.ar\/?p=5472"},"modified":"2024-03-29T13:54:41","modified_gmt":"2024-03-29T16:54:41","slug":"taller-de-tintes-naturales-san-martin-de-los-andes","status":"publish","type":"post","link":"https:\/\/cultura.sma.gob.ar\/?p=5472","title":{"rendered":"TALLER DE TINTES NATURALES SAN MART\u00cdN DE LOS ANDES"},"content":{"rendered":"\n<figure class=\"wp-block-image size-large\"><img loading=\"lazy\" decoding=\"async\" width=\"1017\" height=\"1024\" src=\"https:\/\/cultura.sma.gob.ar\/wp-content\/uploads\/2024\/03\/WhatsApp-Image-2024-03-28-at-4.55.21-PM-1-1017x1024.jpeg\" alt=\"\" class=\"wp-image-5473\" srcset=\"https:\/\/cultura.sma.gob.ar\/wp-content\/uploads\/2024\/03\/WhatsApp-Image-2024-03-28-at-4.55.21-PM-1-1017x1024.jpeg 1017w, https:\/\/cultura.sma.gob.ar\/wp-content\/uploads\/2024\/03\/WhatsApp-Image-2024-03-28-at-4.55.21-PM-1-298x300.jpeg 298w, https:\/\/cultura.sma.gob.ar\/wp-content\/uploads\/2024\/03\/WhatsApp-Image-2024-03-28-at-4.55.21-PM-1-150x150.jpeg 150w, https:\/\/cultura.sma.gob.ar\/wp-content\/uploads\/2024\/03\/WhatsApp-Image-2024-03-28-at-4.55.21-PM-1-768x773.jpeg 768w, https:\/\/cultura.sma.gob.ar\/wp-content\/uploads\/2024\/03\/WhatsApp-Image-2024-03-28-at-4.55.21-PM-1-89x90.jpeg 89w, https:\/\/cultura.sma.gob.ar\/wp-content\/uploads\/2024\/03\/WhatsApp-Image-2024-03-28-at-4.55.21-PM-1.jpeg 1080w\" sizes=\"auto, (max-width: 1017px) 100vw, 1017px\" \/><\/figure>\n\n\n\n<p>El te\u00f1ido artesanal con tintes naturales es una actividad milenaria, eco-amigable, que con el paso del tiempo y la aparici\u00f3n de colorantes sint\u00e9ticos se fue abandonando. El uso de estos \u00faltimos mencionados es una agente contaminante de nuestro ecosistema, por eso es importante retomar las t\u00e9cnicas ancestrales y trabajar con tintes que la naturaleza provee.<\/p>\n\n\n\n<p>El taller es una introducci\u00f3n en la alquimia de los colores naturales para que cada quien pueda incorporar y desarrollar esta t\u00e9cnica que le brindara productos con valor agregado, exclusividad&nbsp; y un lenguaje&nbsp; propio.<br>Es un taller experimental, ya que es la pr\u00e1ctica lo que nos permite entender e interiorizar en cada uno de los pasos.<\/p>\n\n\n\n<p>\ud83d\udcccFECHA Y HORARIO :&nbsp; s\u00e1bado 6&nbsp; de abril&nbsp; 15 a 19 hs<br>\ud83d\udcccLUGAR: Fundaci\u00f3n Escuela Bosque<br>\ud83d\udcccPLAN DE TRABAJO:<br>Introducci\u00f3n te\u00f3rica<br>Preparaci\u00f3n de colorante<br>Mordentado de los textiles, proceso fundamental en los tintes naturales, es el proceso encargado de fijar el color y que perdure en el tiempo.<br>Preparaci\u00f3n del material tint\u00f3reo y maceraci\u00f3n, utilizaremos desechos de la cocina y plantas.<br>Proceso de te\u00f1ido<br>Modificaci\u00f3n de color para agrandar la paleta de color<br>Obtenci\u00f3n de muestras<br>Carta de colores con los resultados obtenidos a modo de registro .<br>Realizaci\u00f3n de ficha t\u00e9cnica de cada color para registrar el proceso.<br>Conclusiones<\/p>\n\n\n\n<p>\u2728Haremos un descanso con una merienda \u2728<\/p>\n\n\n\n<p>\ud83d\udcccMATERIALES: Est\u00e1n incluidos todos los materiales&nbsp; y se entregan apuntes,&nbsp; s\u00f3lo necesitan traer tijera y cinta para pegar las muestras.<\/p>\n\n\n\n<p>\ud83d\udcccCOSTO: $18.000<br>&nbsp; Para confirmar tu reserva y guardar tu lugar tienes que hacer un dep\u00f3sito del 50% , y el d\u00eda del taller se abonar\u00e1 el resto . Tambi\u00e9n puedes depositar el monto completo , si as\u00ed lo prefieres.<\/p>\n\n\n\n<p>.<br><del>~<\/del><del>~<\/del>~<\/p>\n\n\n\n<p>\ud83d\udcccDOCENTE A CARGO<br>Ain Nieva, Dise\u00f1adora Textil egresada en la UBA, amante de la naturaleza y nativa de la Patagonia Argentina .<\/p>\n\n\n\n<p>Se capacit\u00f3 en varias ramas del \u00e1mbito textil a nivel nacional e internacional. Ha investigado el mundo de la tintorer\u00eda natural, extendi\u00e9ndose por la Patagonia Argentina- Chilena haciendo una recopilaci\u00f3n de la flora nativa y su pigmentaci\u00f3n natural.<\/p>\n\n\n\n<p>Ain comenz\u00f3 con este emprendimiento al finalizar la carrera de Dise\u00f1o Textil; viendo la realidad de la industria textil, una de las m\u00e1s contaminantes del planeta, decidi\u00f3 tomar su propio camino trabajando de manera artesanal y con pr\u00e1cticas sostenibles.<\/p>\n\n\n\n<p>Trabajando de manera pausada, a mano , respetando los procesos naturales y con un enfoque sustentable<\/p>\n\n\n\n<p>Particip\u00f3 como dise\u00f1adora al evento \u201cLA PASARELA M\u00c1S LARGA DE MEXICO\u201c presentando una colecci\u00f3n generada con fibras naturales , te\u00f1idas de manera artesanal con tintes naturales.<\/p>\n\n\n\n<p>Durante el 2021&nbsp; y 2022 recorri\u00f3&nbsp; el pa\u00eds de M\u00e9xico y Guatemala investigando sobre los tejidos y la tintorer\u00eda natural . Dictando talleres sobre te\u00f1ido natural en diferentes ciudades<\/p>\n\n\n\n<p>En oto\u00f1o del 2023 presento un colecci\u00f3n en el desfile Enhebra en Neuqu\u00e9n Capital .<\/p>\n\n\n\n<p><a href=\"https:\/\/aintextil.wixsite.com\/website\">https:\/\/aintextil.wixsite.com\/website<\/a><\/p>\n\n\n\n<p><a href=\"https:\/\/www.instagram.com\/aintextil\/\">https:\/\/www.instagram.com\/aintextil\/<\/a><\/p>\n\n\n\n<p><a href=\"https:\/\/www.facebook.com\/aindisenotextil\/\">https:\/\/www.facebook.com\/aindisenotextil\/<\/a><\/p>\n","protected":false},"excerpt":{"rendered":"<p>El te\u00f1ido artesanal con tintes naturales es una actividad milenaria, eco-amigable, que con el paso del tiempo y la aparici\u00f3n de colorantes sint\u00e9ticos se fue abandonando. El uso de estos \u00faltimos mencionados es una agente contaminante de nuestro ecosistema, por eso es importante retomar las t\u00e9cnicas ancestrales y trabajar con tintes que la naturaleza provee. El taller es una introducci\u00f3n en la alquimia de los &hellip; <a href=\"https:\/\/cultura.sma.gob.ar\/?p=5472\" class=\"more-link\">Continue reading <span class=\"screen-reader-text\">TALLER DE TINTES NATURALES SAN MART\u00cdN DE LOS ANDES<\/span><\/a><\/p>\n","protected":false},"author":1,"featured_media":297,"comment_status":"closed","ping_status":"","sticky":false,"template":"","format":"image","meta":{"footnotes":""},"categories":[2,9],"tags":[],"class_list":["post-5472","post","type-post","status-publish","format-image","has-post-thumbnail","hentry","category-ciudad-cultural","category-ultimas-noticias","post_format-post-format-image"],"_links":{"self":[{"href":"https:\/\/cultura.sma.gob.ar\/index.php?rest_route=\/wp\/v2\/posts\/5472","targetHints":{"allow":["GET"]}}],"collection":[{"href":"https:\/\/cultura.sma.gob.ar\/index.php?rest_route=\/wp\/v2\/posts"}],"about":[{"href":"https:\/\/cultura.sma.gob.ar\/index.php?rest_route=\/wp\/v2\/types\/post"}],"author":[{"embeddable":true,"href":"https:\/\/cultura.sma.gob.ar\/index.php?rest_route=\/wp\/v2\/users\/1"}],"replies":[{"embeddable":true,"href":"https:\/\/cultura.sma.gob.ar\/index.php?rest_route=%2Fwp%2Fv2%2Fcomments&post=5472"}],"version-history":[{"count":1,"href":"https:\/\/cultura.sma.gob.ar\/index.php?rest_route=\/wp\/v2\/posts\/5472\/revisions"}],"predecessor-version":[{"id":5474,"href":"https:\/\/cultura.sma.gob.ar\/index.php?rest_route=\/wp\/v2\/posts\/5472\/revisions\/5474"}],"wp:featuredmedia":[{"embeddable":true,"href":"https:\/\/cultura.sma.gob.ar\/index.php?rest_route=\/wp\/v2\/media\/297"}],"wp:attachment":[{"href":"https:\/\/cultura.sma.gob.ar\/index.php?rest_route=%2Fwp%2Fv2%2Fmedia&parent=5472"}],"wp:term":[{"taxonomy":"category","embeddable":true,"href":"https:\/\/cultura.sma.gob.ar\/index.php?rest_route=%2Fwp%2Fv2%2Fcategories&post=5472"},{"taxonomy":"post_tag","embeddable":true,"href":"https:\/\/cultura.sma.gob.ar\/index.php?rest_route=%2Fwp%2Fv2%2Ftags&post=5472"}],"curies":[{"name":"wp","href":"https:\/\/api.w.org\/{rel}","templated":true}]}}