{"id":5453,"date":"2024-03-26T14:55:02","date_gmt":"2024-03-26T17:55:02","guid":{"rendered":"http:\/\/cultura.sma.gob.ar\/?p=5453"},"modified":"2024-03-26T14:55:02","modified_gmt":"2024-03-26T17:55:02","slug":"hora-del-cuento-en-la-biblioteca-4-de-febrero","status":"publish","type":"post","link":"https:\/\/cultura.sma.gob.ar\/?p=5453","title":{"rendered":"Hora del cuento en la Biblioteca 4 de Febrero"},"content":{"rendered":"\n\n\n<p>La Biblioteca Popular \u201c4 de febrero\u201d comunica a las familias y a la comunidad en general que han dado inicio a la tan esperada \u00abHora del cuento\u00bb, un espacio gratuito destinado a las infancias que disfrutan de la lectura de cuentos. Est\u00e1 coordinado por Romina Riquelme y se desarrolla los d\u00edas mi\u00e9rcoles en horario de 18 a 19 hs.<\/p>\n\n\n\n<figure class=\"wp-block-image\"><img decoding=\"async\" src=\"https:\/\/i0.wp.com\/realidadsm.com\/wp-content\/uploads\/2024\/03\/Hora-del-cuento-1.jpg?resize=700%2C700&amp;ssl=1\" alt=\"\" class=\"wp-image-251178\"\/><\/figure>\n\n\n\n<p>Asimismo, informan que la Biblioteca est\u00e1 abierta para las visitas de grupos escolares que asistan con sus docentes a leer y conocer las instalaciones que son de acceso p\u00fablico. Pueden comunicarse a trav\u00e9s de las redes: @biblioteca_popular_4_febrero&nbsp;o a trav\u00e9s de los tel\u00e9fonos: 2972 54-2885 (celular) 2972-25569 (fijo)<\/p>\n","protected":false},"excerpt":{"rendered":"<p>La Biblioteca Popular \u201c4 de febrero\u201d comunica a las familias y a la comunidad en general que han dado inicio a la tan esperada \u00abHora del cuento\u00bb, un espacio gratuito destinado a las infancias que disfrutan de la lectura de cuentos. Est\u00e1 coordinado por Romina Riquelme y se desarrolla los d\u00edas mi\u00e9rcoles en horario de 18 a 19 hs. Asimismo, informan que la Biblioteca est\u00e1 &hellip; <a href=\"https:\/\/cultura.sma.gob.ar\/?p=5453\" class=\"more-link\">Continue reading <span class=\"screen-reader-text\">Hora del cuento en la Biblioteca 4 de Febrero<\/span><\/a><\/p>\n","protected":false},"author":1,"featured_media":297,"comment_status":"closed","ping_status":"","sticky":false,"template":"","format":"image","meta":{"footnotes":""},"categories":[2,9],"tags":[],"class_list":["post-5453","post","type-post","status-publish","format-image","has-post-thumbnail","hentry","category-ciudad-cultural","category-ultimas-noticias","post_format-post-format-image"],"_links":{"self":[{"href":"https:\/\/cultura.sma.gob.ar\/index.php?rest_route=\/wp\/v2\/posts\/5453","targetHints":{"allow":["GET"]}}],"collection":[{"href":"https:\/\/cultura.sma.gob.ar\/index.php?rest_route=\/wp\/v2\/posts"}],"about":[{"href":"https:\/\/cultura.sma.gob.ar\/index.php?rest_route=\/wp\/v2\/types\/post"}],"author":[{"embeddable":true,"href":"https:\/\/cultura.sma.gob.ar\/index.php?rest_route=\/wp\/v2\/users\/1"}],"replies":[{"embeddable":true,"href":"https:\/\/cultura.sma.gob.ar\/index.php?rest_route=%2Fwp%2Fv2%2Fcomments&post=5453"}],"version-history":[{"count":1,"href":"https:\/\/cultura.sma.gob.ar\/index.php?rest_route=\/wp\/v2\/posts\/5453\/revisions"}],"predecessor-version":[{"id":5454,"href":"https:\/\/cultura.sma.gob.ar\/index.php?rest_route=\/wp\/v2\/posts\/5453\/revisions\/5454"}],"wp:featuredmedia":[{"embeddable":true,"href":"https:\/\/cultura.sma.gob.ar\/index.php?rest_route=\/wp\/v2\/media\/297"}],"wp:attachment":[{"href":"https:\/\/cultura.sma.gob.ar\/index.php?rest_route=%2Fwp%2Fv2%2Fmedia&parent=5453"}],"wp:term":[{"taxonomy":"category","embeddable":true,"href":"https:\/\/cultura.sma.gob.ar\/index.php?rest_route=%2Fwp%2Fv2%2Fcategories&post=5453"},{"taxonomy":"post_tag","embeddable":true,"href":"https:\/\/cultura.sma.gob.ar\/index.php?rest_route=%2Fwp%2Fv2%2Ftags&post=5453"}],"curies":[{"name":"wp","href":"https:\/\/api.w.org\/{rel}","templated":true}]}}