{"id":5448,"date":"2024-03-26T14:53:22","date_gmt":"2024-03-26T17:53:22","guid":{"rendered":"http:\/\/cultura.sma.gob.ar\/?p=5448"},"modified":"2024-03-26T14:53:22","modified_gmt":"2024-03-26T17:53:22","slug":"talleres-en-la-biblioteca-la-cascada","status":"publish","type":"post","link":"https:\/\/cultura.sma.gob.ar\/?p=5448","title":{"rendered":"Talleres en la Biblioteca La Cascada"},"content":{"rendered":"\n\n\n<p>Este nuevo ciclo inicia con novedades en la Biblioteca Popular La Cascada. A partir de abril, se abren tres nuevos espacios para ni\u00f1os, ni\u00f1as y j\u00f3venes. Hay teatro, juegos con acercamiento literario para primera infancia y taller literario.<\/p>\n\n\n\n<p><strong>Taller de teatro para adolescentes:&nbsp;<\/strong>Un espacio para sumergirse en las artes esc\u00e9nicas a partir de la improvisaci\u00f3n, los juegos teatrales y la creaci\u00f3n de personajes. A partir de los 13 a\u00f1os y hasta los 16 a\u00f1os.&nbsp;<strong>Viernes de 18.30hs a 20.00hs<\/strong>&nbsp;\u00a1Cupos limitados!<\/p>\n\n\n\n<figure class=\"wp-block-image\"><img decoding=\"async\" src=\"https:\/\/i2.wp.com\/realidadsm.com\/wp-content\/uploads\/2024\/03\/WhatsApp-Image-2024-03-26-at-9.54.36-AM-700x700.jpeg?ssl=1\" alt=\"\"\/><\/figure>\n\n\n\n<p><strong>Juego y leo, leo y juego<\/strong>: Un espacio para el encuentro de la primera infancia con la lectura, la literatura y la oralidad a trav\u00e9s de la l\u00fadica, el juego y las expresiones art\u00edsticas. A partir de los 3 a\u00f1os y hasta los 5 a\u00f1os. Primero 4 encuentros acompa\u00f1ados por un adulto.&nbsp;<strong>Mi\u00e9rcoles de 10.30hs a 11.30hs<\/strong>&nbsp;\u00a1Cupos limitados!<\/p>\n\n\n\n<figure class=\"wp-block-image\"><img decoding=\"async\" src=\"https:\/\/i1.wp.com\/realidadsm.com\/wp-content\/uploads\/2024\/03\/WhatsApp-Image-2024-03-26-at-9.55.11-AM-700x700.jpeg?ssl=1\" alt=\"\"\/><\/figure>\n\n\n\n<p><strong>Taller literario para peque\u00f1os grandes artistas:<\/strong>&nbsp;Un espacio para jugar y potenciar la creatividad a partir de distintos lenguajes art\u00edsticos. Con la literatura como trampol\u00edn nos lanzamos a explorar nuestra imaginaci\u00f3n, nuestra creatividad y nuestras expresiones. A partir de los 7 a\u00f1os y hasta los 12 a\u00f1os.&nbsp;<strong>Martes de 10.15hs a 11.45hs o jueves de 15.00hs a 16.30hs<\/strong>&nbsp;\u00a1Cupos limitados!<\/p>\n\n\n\n<figure class=\"wp-block-image\"><img decoding=\"async\" src=\"https:\/\/i0.wp.com\/realidadsm.com\/wp-content\/uploads\/2024\/03\/WhatsApp-Image-2024-03-26-at-9.55.38-AM-700x700.jpeg?ssl=1\" alt=\"\"\/><\/figure>\n\n\n\n<p>Todos los espacios requieren inscripci\u00f3n previa, para lo cual se pueden contactar directamente con la biblioteca en su sede, en el primer piso de la vecinal de El Molino (2972 424499 \/\/ 2944 4824284)<\/p>\n","protected":false},"excerpt":{"rendered":"<p>Este nuevo ciclo inicia con novedades en la Biblioteca Popular La Cascada. A partir de abril, se abren tres nuevos espacios para ni\u00f1os, ni\u00f1as y j\u00f3venes. Hay teatro, juegos con acercamiento literario para primera infancia y taller literario. Taller de teatro para adolescentes:&nbsp;Un espacio para sumergirse en las artes esc\u00e9nicas a partir de la improvisaci\u00f3n, los juegos teatrales y la creaci\u00f3n de personajes. A partir &hellip; <a href=\"https:\/\/cultura.sma.gob.ar\/?p=5448\" class=\"more-link\">Continue reading <span class=\"screen-reader-text\">Talleres en la Biblioteca La Cascada<\/span><\/a><\/p>\n","protected":false},"author":1,"featured_media":297,"comment_status":"closed","ping_status":"","sticky":false,"template":"","format":"image","meta":{"footnotes":""},"categories":[2,9],"tags":[],"class_list":["post-5448","post","type-post","status-publish","format-image","has-post-thumbnail","hentry","category-ciudad-cultural","category-ultimas-noticias","post_format-post-format-image"],"_links":{"self":[{"href":"https:\/\/cultura.sma.gob.ar\/index.php?rest_route=\/wp\/v2\/posts\/5448","targetHints":{"allow":["GET"]}}],"collection":[{"href":"https:\/\/cultura.sma.gob.ar\/index.php?rest_route=\/wp\/v2\/posts"}],"about":[{"href":"https:\/\/cultura.sma.gob.ar\/index.php?rest_route=\/wp\/v2\/types\/post"}],"author":[{"embeddable":true,"href":"https:\/\/cultura.sma.gob.ar\/index.php?rest_route=\/wp\/v2\/users\/1"}],"replies":[{"embeddable":true,"href":"https:\/\/cultura.sma.gob.ar\/index.php?rest_route=%2Fwp%2Fv2%2Fcomments&post=5448"}],"version-history":[{"count":1,"href":"https:\/\/cultura.sma.gob.ar\/index.php?rest_route=\/wp\/v2\/posts\/5448\/revisions"}],"predecessor-version":[{"id":5451,"href":"https:\/\/cultura.sma.gob.ar\/index.php?rest_route=\/wp\/v2\/posts\/5448\/revisions\/5451"}],"wp:featuredmedia":[{"embeddable":true,"href":"https:\/\/cultura.sma.gob.ar\/index.php?rest_route=\/wp\/v2\/media\/297"}],"wp:attachment":[{"href":"https:\/\/cultura.sma.gob.ar\/index.php?rest_route=%2Fwp%2Fv2%2Fmedia&parent=5448"}],"wp:term":[{"taxonomy":"category","embeddable":true,"href":"https:\/\/cultura.sma.gob.ar\/index.php?rest_route=%2Fwp%2Fv2%2Fcategories&post=5448"},{"taxonomy":"post_tag","embeddable":true,"href":"https:\/\/cultura.sma.gob.ar\/index.php?rest_route=%2Fwp%2Fv2%2Ftags&post=5448"}],"curies":[{"name":"wp","href":"https:\/\/api.w.org\/{rel}","templated":true}]}}