{"id":5436,"date":"2024-03-26T13:56:31","date_gmt":"2024-03-26T16:56:31","guid":{"rendered":"http:\/\/cultura.sma.gob.ar\/?p=5436"},"modified":"2024-04-09T11:01:01","modified_gmt":"2024-04-09T14:01:01","slug":"patagonia-clasica-2024","status":"publish","type":"post","link":"https:\/\/cultura.sma.gob.ar\/?p=5436","title":{"rendered":"Patagonia cl\u00e1sica 2024"},"content":{"rendered":"\n<figure class=\"wp-block-image size-large\"><img loading=\"lazy\" decoding=\"async\" width=\"819\" height=\"1024\" src=\"http:\/\/cultura.sma.gob.ar\/wp-content\/uploads\/2024\/03\/WhatsApp-Image-2024-04-09-at-10.51.55-AM-819x1024.jpeg\" alt=\"\" class=\"wp-image-5516\" srcset=\"https:\/\/cultura.sma.gob.ar\/wp-content\/uploads\/2024\/03\/WhatsApp-Image-2024-04-09-at-10.51.55-AM-819x1024.jpeg 819w, https:\/\/cultura.sma.gob.ar\/wp-content\/uploads\/2024\/03\/WhatsApp-Image-2024-04-09-at-10.51.55-AM-240x300.jpeg 240w, https:\/\/cultura.sma.gob.ar\/wp-content\/uploads\/2024\/03\/WhatsApp-Image-2024-04-09-at-10.51.55-AM-768x960.jpeg 768w, https:\/\/cultura.sma.gob.ar\/wp-content\/uploads\/2024\/03\/WhatsApp-Image-2024-04-09-at-10.51.55-AM-72x90.jpeg 72w, https:\/\/cultura.sma.gob.ar\/wp-content\/uploads\/2024\/03\/WhatsApp-Image-2024-04-09-at-10.51.55-AM.jpeg 1080w\" sizes=\"auto, (max-width: 819px) 100vw, 819px\" \/><\/figure>\n\n\n\n<p>S\u00e1bado 26 de abril, a las 21hs, en el Barrio Los Maitenes (Elias Giglio 810).<\/p>\n\n\n\n<p>Les damos la bienvenida al primer concierto de la temporada 2024 del ciclo de conciertos &#8220;Patagonia Cl\u00e1sica&#8221;. En esta oportunidad, inauguramos un nuevo espacio en el barrio Los Maitenes, que suma un hermoso piano de cola Yamaha a sus insuperables vistas hacia las laderas del Chapelco.<\/p>\n\n\n\n<p>La Mtra. Graciela Al\u00edas (excepcional pianista de la ciudad de La Plata) y la Mtra. Dolores L\u00f3pez Mac Kenzie (violista de la Sinf\u00f3nica Nacional), ambas docentes y concertistas de gran trayectoria en el pa\u00eds y en el extranjero, nos deleitar\u00e1n con un programa inspirador compuesto por la sonata \u201cArpeggione\u201d de F. Schubert, la Romanza Op. 85 de M. Bruch y la sonata op.120 N.2 de J. Brahms.<\/p>\n\n\n\n<p>Reserv\u00e1 tus entradas al 2944906234 o por las redes. Las localidades son limitadas as\u00ed que te recomendamos contactarte cuanto antes. \u00a1No te quedes sin tu lugar!<\/p>\n\n\n\n<p>Agradecemos especialmente la gentileza de la Sra. Natalia Teleguina, due\u00f1a de casa, quien generosamente abre las puertas de su hogar para hacer posible este concierto.<\/p>\n\n\n\n<p>Agradecemos la invaluable ayuda de quienes hacen posible estos conciertos y por supuesto, a toda la comunidad de San Mart\u00edn de los Andes por su constante apoyo.<\/p>\n\n\n\n<p>Instagram: @patagonia.clasica<br>Facebook: Patagonia Clasica<br>Tel: 02944906234<\/p>\n","protected":false},"excerpt":{"rendered":"<p>S\u00e1bado 26 de abril, a las 21hs, en el Barrio Los Maitenes (Elias Giglio 810). Les damos la bienvenida al primer concierto de la temporada 2024 del ciclo de conciertos &#8220;Patagonia Cl\u00e1sica&#8221;. En esta oportunidad, inauguramos un nuevo espacio en el barrio Los Maitenes, que suma un hermoso piano de cola Yamaha a sus insuperables vistas hacia las laderas del Chapelco. La Mtra. Graciela Al\u00edas &hellip; <a href=\"https:\/\/cultura.sma.gob.ar\/?p=5436\" class=\"more-link\">Continue reading <span class=\"screen-reader-text\">Patagonia cl\u00e1sica 2024<\/span><\/a><\/p>\n","protected":false},"author":1,"featured_media":297,"comment_status":"closed","ping_status":"","sticky":false,"template":"","format":"image","meta":{"footnotes":""},"categories":[2,9],"tags":[],"class_list":["post-5436","post","type-post","status-publish","format-image","has-post-thumbnail","hentry","category-ciudad-cultural","category-ultimas-noticias","post_format-post-format-image"],"_links":{"self":[{"href":"https:\/\/cultura.sma.gob.ar\/index.php?rest_route=\/wp\/v2\/posts\/5436","targetHints":{"allow":["GET"]}}],"collection":[{"href":"https:\/\/cultura.sma.gob.ar\/index.php?rest_route=\/wp\/v2\/posts"}],"about":[{"href":"https:\/\/cultura.sma.gob.ar\/index.php?rest_route=\/wp\/v2\/types\/post"}],"author":[{"embeddable":true,"href":"https:\/\/cultura.sma.gob.ar\/index.php?rest_route=\/wp\/v2\/users\/1"}],"replies":[{"embeddable":true,"href":"https:\/\/cultura.sma.gob.ar\/index.php?rest_route=%2Fwp%2Fv2%2Fcomments&post=5436"}],"version-history":[{"count":2,"href":"https:\/\/cultura.sma.gob.ar\/index.php?rest_route=\/wp\/v2\/posts\/5436\/revisions"}],"predecessor-version":[{"id":5517,"href":"https:\/\/cultura.sma.gob.ar\/index.php?rest_route=\/wp\/v2\/posts\/5436\/revisions\/5517"}],"wp:featuredmedia":[{"embeddable":true,"href":"https:\/\/cultura.sma.gob.ar\/index.php?rest_route=\/wp\/v2\/media\/297"}],"wp:attachment":[{"href":"https:\/\/cultura.sma.gob.ar\/index.php?rest_route=%2Fwp%2Fv2%2Fmedia&parent=5436"}],"wp:term":[{"taxonomy":"category","embeddable":true,"href":"https:\/\/cultura.sma.gob.ar\/index.php?rest_route=%2Fwp%2Fv2%2Fcategories&post=5436"},{"taxonomy":"post_tag","embeddable":true,"href":"https:\/\/cultura.sma.gob.ar\/index.php?rest_route=%2Fwp%2Fv2%2Ftags&post=5436"}],"curies":[{"name":"wp","href":"https:\/\/api.w.org\/{rel}","templated":true}]}}