{"id":5425,"date":"2024-03-20T15:36:37","date_gmt":"2024-03-20T18:36:37","guid":{"rendered":"http:\/\/cultura.sma.gob.ar\/?p=5425"},"modified":"2024-03-20T15:36:37","modified_gmt":"2024-03-20T18:36:37","slug":"cartelera-san-jose-seminario-de-teatro-fisico-y-creacion-colectiva","status":"publish","type":"post","link":"https:\/\/cultura.sma.gob.ar\/?p=5425","title":{"rendered":"Cartelera San Jos\u00e9: Seminario de teatro f\u00edsico y creaci\u00f3n colectiva"},"content":{"rendered":"\n<figure class=\"wp-block-image size-large\"><img loading=\"lazy\" decoding=\"async\" width=\"776\" height=\"1024\" src=\"https:\/\/cultura.sma.gob.ar\/wp-content\/uploads\/2024\/03\/Nefi-776x1024.jpeg\" alt=\"\" class=\"wp-image-5426\" srcset=\"https:\/\/cultura.sma.gob.ar\/wp-content\/uploads\/2024\/03\/Nefi-776x1024.jpeg 776w, https:\/\/cultura.sma.gob.ar\/wp-content\/uploads\/2024\/03\/Nefi-227x300.jpeg 227w, https:\/\/cultura.sma.gob.ar\/wp-content\/uploads\/2024\/03\/Nefi-768x1013.jpeg 768w, https:\/\/cultura.sma.gob.ar\/wp-content\/uploads\/2024\/03\/Nefi-1165x1536.jpeg 1165w, https:\/\/cultura.sma.gob.ar\/wp-content\/uploads\/2024\/03\/Nefi-1553x2048.jpeg 1553w, https:\/\/cultura.sma.gob.ar\/wp-content\/uploads\/2024\/03\/Nefi-68x90.jpeg 68w, https:\/\/cultura.sma.gob.ar\/wp-content\/uploads\/2024\/03\/Nefi.jpeg 1941w\" sizes=\"auto, (max-width: 776px) 100vw, 776px\" \/><\/figure>\n\n\n\n<p>ABRIL | \u00a0TEATRO F\u00cdSICO Y CREACI\u00d3N COLECTIVA\u00a0<img decoding=\"async\" alt=\"\ud83c\udfad\" src=\"https:\/\/fonts.gstatic.com\/s\/e\/notoemoji\/15.0\/1f3ad\/32.png\"><br>Los d\u00edas 3, 4 y 5 de abril llega a San Mart\u00edn de los Andes una propuesta que apunta a que \u00a0descubras el potencial de tu herramienta interpretativa.\u00a0<br><img decoding=\"async\" alt=\"\u27a1\ufe0f\" src=\"https:\/\/fonts.gstatic.com\/s\/e\/notoemoji\/15.0\/27a1_fe0f\/32.png\">El seminario de \u2018ENTRENAMIENTO F\u00cdSICO Y CREATIVO\u2019 lo facilita el artista multidisciplinario, Neftal\u00ed Villalba, de la ciudad de San Mart\u00edn de los Andes, Neuqu\u00e9n, que se dedica a la investigaci\u00f3n de la musicalidad en el cuerpo esc\u00e9nico, a nivel coreogr\u00e1fico, musical y teatral, y que se form\u00f3 en diferentes pa\u00edses como Bolivia, Chile, Italia, B\u00e9lgica, Francia y Jap\u00f3n.\u00a0<br><img decoding=\"async\" alt=\"\u27a1\ufe0f\" src=\"https:\/\/fonts.gstatic.com\/s\/e\/notoemoji\/15.0\/27a1_fe0f\/32.png\">La propuesta est\u00e1 dirigida a artistas, estudiantes de danza, teatro y p\u00fablico en general.<\/p>\n\n\n\n<figure class=\"wp-block-image size-large\"><img loading=\"lazy\" decoding=\"async\" width=\"576\" height=\"1024\" src=\"https:\/\/cultura.sma.gob.ar\/wp-content\/uploads\/2024\/03\/Nefi-2-576x1024.jpeg\" alt=\"\" class=\"wp-image-5428\" srcset=\"https:\/\/cultura.sma.gob.ar\/wp-content\/uploads\/2024\/03\/Nefi-2-576x1024.jpeg 576w, https:\/\/cultura.sma.gob.ar\/wp-content\/uploads\/2024\/03\/Nefi-2-169x300.jpeg 169w, https:\/\/cultura.sma.gob.ar\/wp-content\/uploads\/2024\/03\/Nefi-2-51x90.jpeg 51w, https:\/\/cultura.sma.gob.ar\/wp-content\/uploads\/2024\/03\/Nefi-2.jpeg 720w\" sizes=\"auto, (max-width: 576px) 100vw, 576px\" \/><\/figure>\n\n\n\n<p>&#8212;&#8212;&#8212;&#8212;&#8212;&#8212;&#8212;&#8212;&#8212;&#8212;&#8212;&#8212;&#8212;&#8212;&#8212;&#8212;&#8212;&#8212;&#8212;&#8212;&#8212;&#8212;&#8212;&#8212;&#8212;&#8212;&#8212;&#8212;&#8212;&#8211;<br><img decoding=\"async\" alt=\"\ud83d\udd8a\" src=\"https:\/\/fonts.gstatic.com\/s\/e\/notoemoji\/15.0\/1f58a\/32.png\">DESCRIPCI\u00d3N DEL SEMINARIO<br>Se realizar\u00e1n 3 \u00a0jornadas de trabajo consecutivas durante los d\u00edas 3, 4 y 5 de abril. Cada encuentro tendr\u00e1 una duraci\u00f3n de 4 horas por d\u00eda, dividido en \u00a0entrenamiento f\u00edsico y vocal, y \u00a0entrenamiento creativo apuntado a la creaci\u00f3n de materiales para la consecuci\u00f3n de una obra.<br>Se trabajar\u00e1 con el cuerpo, la voz y el canto, el espacio, la relaci\u00f3n con lxs compa\u00f1erxs y objetos, la improvisaci\u00f3n, \u00a0para as\u00ed construir escenas desde la integraci\u00f3n de estos elementos.<br>El grupo da forma al trabajo. La incertidumbre ser\u00e1 un estado de tranquilidad frente al problema, que nos conducir\u00e1 hacia la tensi\u00f3n dram\u00e1tica y por consecuencia ser\u00e1 creadora de universo.<br>&#8212;&#8212;&#8212;&#8212;&#8212;&#8212;&#8212;&#8212;&#8212;&#8212;&#8212;&#8212;&#8212;&#8212;&#8212;&#8212;&#8212;&#8212;&#8212;&#8212;&#8212;&#8212;&#8212;&#8212;&#8212;&#8212;&#8212;&#8212;&#8212;&#8211;<br><img decoding=\"async\" alt=\"\u27a1\ufe0f\" src=\"https:\/\/fonts.gstatic.com\/s\/e\/notoemoji\/15.0\/27a1_fe0f\/32.png\">Lugar: teatro San Jos\u00e9( de 9 a13)<img decoding=\"async\" alt=\"\u27a1\ufe0f\" src=\"https:\/\/fonts.gstatic.com\/s\/e\/notoemoji\/15.0\/27a1_fe0f\/32.png\">Facilita: Neftal\u00ed Villalba<img decoding=\"async\" alt=\"\u27a1\ufe0f\" src=\"https:\/\/fonts.gstatic.com\/s\/e\/notoemoji\/15.0\/27a1_fe0f\/32.png\">Valor: $20.000 pesos (El valor del taller hasta el 10 \u00a0de abril tiene un 10% de descuento)<br>&#8212;&#8212;&#8212;&#8212;&#8212;&#8212;&#8212;&#8212;&#8212;&#8212;&#8212;&#8212;&#8212;&#8212;&#8212;&#8212;&#8212;&#8212;&#8212;&#8212;&#8212;&#8212;&#8212;&#8212;&#8212;&#8212;&#8212;&#8212;&#8212;&#8211;PARA M\u00c1S INFORMACI\u00d3N, COMUNICATE POR MENSAJE PRIVADO \u00a0a los siguientes n\u00fameros de WhatsApp, +54 9 261 252-8794( Neftali Villalba)\u00a02072434587(Caco Fern\u00e1ndez)<\/p>\n\n\n\n<figure class=\"wp-block-image size-large\"><img loading=\"lazy\" decoding=\"async\" width=\"576\" height=\"1024\" src=\"https:\/\/cultura.sma.gob.ar\/wp-content\/uploads\/2024\/03\/Nefi-1-576x1024.jpeg\" alt=\"\" class=\"wp-image-5427\" srcset=\"https:\/\/cultura.sma.gob.ar\/wp-content\/uploads\/2024\/03\/Nefi-1-576x1024.jpeg 576w, https:\/\/cultura.sma.gob.ar\/wp-content\/uploads\/2024\/03\/Nefi-1-169x300.jpeg 169w, https:\/\/cultura.sma.gob.ar\/wp-content\/uploads\/2024\/03\/Nefi-1-51x90.jpeg 51w, https:\/\/cultura.sma.gob.ar\/wp-content\/uploads\/2024\/03\/Nefi-1.jpeg 720w\" sizes=\"auto, (max-width: 576px) 100vw, 576px\" \/><\/figure>\n","protected":false},"excerpt":{"rendered":"<p>ABRIL | \u00a0TEATRO F\u00cdSICO Y CREACI\u00d3N COLECTIVA\u00a0Los d\u00edas 3, 4 y 5 de abril llega a San Mart\u00edn de los Andes una propuesta que apunta a que \u00a0descubras el potencial de tu herramienta interpretativa.\u00a0El seminario de \u2018ENTRENAMIENTO F\u00cdSICO Y CREATIVO\u2019 lo facilita el artista multidisciplinario, Neftal\u00ed Villalba, de la ciudad de San Mart\u00edn de los Andes, Neuqu\u00e9n, que se dedica a la investigaci\u00f3n de la &hellip; <a href=\"https:\/\/cultura.sma.gob.ar\/?p=5425\" class=\"more-link\">Continue reading <span class=\"screen-reader-text\">Cartelera San Jos\u00e9: Seminario de teatro f\u00edsico y creaci\u00f3n colectiva<\/span><\/a><\/p>\n","protected":false},"author":1,"featured_media":292,"comment_status":"closed","ping_status":"","sticky":false,"template":"","format":"image","meta":{"footnotes":""},"categories":[8,9],"tags":[],"class_list":["post-5425","post","type-post","status-publish","format-image","has-post-thumbnail","hentry","category-teatro-san-jose","category-ultimas-noticias","post_format-post-format-image"],"_links":{"self":[{"href":"https:\/\/cultura.sma.gob.ar\/index.php?rest_route=\/wp\/v2\/posts\/5425","targetHints":{"allow":["GET"]}}],"collection":[{"href":"https:\/\/cultura.sma.gob.ar\/index.php?rest_route=\/wp\/v2\/posts"}],"about":[{"href":"https:\/\/cultura.sma.gob.ar\/index.php?rest_route=\/wp\/v2\/types\/post"}],"author":[{"embeddable":true,"href":"https:\/\/cultura.sma.gob.ar\/index.php?rest_route=\/wp\/v2\/users\/1"}],"replies":[{"embeddable":true,"href":"https:\/\/cultura.sma.gob.ar\/index.php?rest_route=%2Fwp%2Fv2%2Fcomments&post=5425"}],"version-history":[{"count":1,"href":"https:\/\/cultura.sma.gob.ar\/index.php?rest_route=\/wp\/v2\/posts\/5425\/revisions"}],"predecessor-version":[{"id":5429,"href":"https:\/\/cultura.sma.gob.ar\/index.php?rest_route=\/wp\/v2\/posts\/5425\/revisions\/5429"}],"wp:featuredmedia":[{"embeddable":true,"href":"https:\/\/cultura.sma.gob.ar\/index.php?rest_route=\/wp\/v2\/media\/292"}],"wp:attachment":[{"href":"https:\/\/cultura.sma.gob.ar\/index.php?rest_route=%2Fwp%2Fv2%2Fmedia&parent=5425"}],"wp:term":[{"taxonomy":"category","embeddable":true,"href":"https:\/\/cultura.sma.gob.ar\/index.php?rest_route=%2Fwp%2Fv2%2Fcategories&post=5425"},{"taxonomy":"post_tag","embeddable":true,"href":"https:\/\/cultura.sma.gob.ar\/index.php?rest_route=%2Fwp%2Fv2%2Ftags&post=5425"}],"curies":[{"name":"wp","href":"https:\/\/api.w.org\/{rel}","templated":true}]}}