{"id":5420,"date":"2024-03-18T12:06:52","date_gmt":"2024-03-18T15:06:52","guid":{"rendered":"http:\/\/cultura.sma.gob.ar\/?p=5420"},"modified":"2024-03-18T12:06:52","modified_gmt":"2024-03-18T15:06:52","slug":"el-ciclo-de-cine-a-beneficio-de-la-asociacion-italiana-comienza-con-casablanca","status":"publish","type":"post","link":"https:\/\/cultura.sma.gob.ar\/?p=5420","title":{"rendered":"El ciclo de cine a beneficio de la Asociaci\u00f3n Italiana comienza con &#8220;Casablanca&#8221;"},"content":{"rendered":"\n<figure class=\"wp-block-image size-large\"><img loading=\"lazy\" decoding=\"async\" width=\"362\" height=\"512\" src=\"https:\/\/cultura.sma.gob.ar\/wp-content\/uploads\/2024\/03\/oKVoX8aAlo_jYqvcYlLE2iKO47WD6fjj.jpg\" alt=\"\" class=\"wp-image-5421\" srcset=\"https:\/\/cultura.sma.gob.ar\/wp-content\/uploads\/2024\/03\/oKVoX8aAlo_jYqvcYlLE2iKO47WD6fjj.jpg 362w, https:\/\/cultura.sma.gob.ar\/wp-content\/uploads\/2024\/03\/oKVoX8aAlo_jYqvcYlLE2iKO47WD6fjj-212x300.jpg 212w, https:\/\/cultura.sma.gob.ar\/wp-content\/uploads\/2024\/03\/oKVoX8aAlo_jYqvcYlLE2iKO47WD6fjj-64x90.jpg 64w\" sizes=\"auto, (max-width: 362px) 100vw, 362px\" \/><\/figure>\n\n\n\n<h4 class=\"wp-block-heading\">&#8220;CASABLANCA&#8221;: <strong><u>FUNCI\u00d3N DE APERTURA<\/u><\/strong><\/h4>\n\n\n\n<p><u>8va. TEMPORADA \u2013 A\u00d1O 2024 \u2013 CICLO N\u00b0 45<\/u>: Ciclo de Cine\u00a0auspiciado por\u00a0el Rotary Club de San Mart\u00edn de los Andes. <u>A beneficio de la \u201cASOCIACI\u00d3N ITALIANA de San Mart\u00edn de los Andes\u201d<\/u><\/p>\n\n\n\n<p><strong>Mi\u00e9rcoles 3 de Abril 20.30hs \u2013 Sala \u201cAmankay\u201d de Cotesma<\/strong><\/p>\n\n\n\n<p><strong><u>Programaci\u00f3n y Presentaci\u00f3n:<\/u>&nbsp;Guillermo Ianniello<\/strong><\/p>\n\n\n\n<p>Ciclo&nbsp;<strong>\u201cEL INOLVIDABLE CINE CL\u00c1SICO\u201d<\/strong><\/p>\n\n\n\n<p><strong><u>\u201cCASABLANCA\u201d<\/u><\/strong>.&nbsp;&nbsp;&nbsp;Humphrey Bogart&nbsp;\u2013&nbsp;Ingrid Bergman&nbsp;\u2013&nbsp;Claude Rains&nbsp; &nbsp;&nbsp;<\/p>\n\n\n\n<p>\u00bfQu\u00e9 se puede decir de Casablanca que no se haya dicho ya? Fue un \u00e9xito en su \u00e9poca, a\u00fan hoy contin\u00faa consider\u00e1ndose una de las mejores pel\u00edculas de la historia del cine, y Casablanca no se acaba. Su leyenda perdurar\u00e1 eternamente, porque el tiempo no pasa para ella. Al igual que no pasa para los amantes, como dice la famosa canci\u00f3n que un d\u00eda cambi\u00f3 mi vida \u201cSeg\u00fan pasan los A\u00f1os\u201d,una maravilla de tema musical que nos lleva del presente al pasado,para traernos de nuevo al presente, ahog\u00e1ndonos en aquel whisky de la nostalgia.<br><br>Una historia de amor m\u00e1gica y eterna. Con dos protagonistas, como son Ingrid Bergman y Bogart, brillantes. Desde la primera escena en que aparecen juntos, todos sabemos que lo suyo, a pesar de los a\u00f1os, sigue vivo. Que por mucho que lo nieguen, los rescoldos de la pasada pasi\u00f3n, han vuelto a avivarse. La le\u00f1a vuelve a arder. La amenaza de la guerra, una mera excusa para darle marco a la historia de una pasi\u00f3n.&nbsp; Gui\u00f3n v\u00edvido y atrapante. No da lugar a un solo minuto de aburrimiento.<\/p>\n\n\n\n<p>Casablanca. La pel\u00edcula de una historia de amor perdido, reencontrado y destinado a perderse otra vez. Multipremiada.<\/p>\n\n\n\n<p>Casablanca. El mito hecho cine. Una pel\u00edcula magn\u00edfica. Una pel\u00edcula inmortal. Merece verse muchas veces. Y si usted ya lo hizo, una vez m\u00e1s se justifica para semejante obra de arte cin\u00e9fila.\u00a0 Nunca se arrepentir\u00e1\u2026<\/p>\n\n\n\n<p>Entrada General $1.000 \u2013 Jubilados $800.-<\/p>\n\n\n\n<p>Las entradas se adquieren en nuestra boleteria de martes a domingo de 16hs a 22hs, con d\u00e9bito, cr\u00e9dito o QR.<br><\/p>\n\n\n\n<p><strong><u>***********************************************************<\/u><\/strong><\/p>\n\n\n\n<p><strong><u>Pel\u00edculas que tambi\u00e9n integran este ciclo:<\/u><\/strong><\/p>\n\n\n\n<p>Mie 10 abril: \u201cA la Hora Se\u00f1alada\u201d<\/p>\n\n\n\n<p>Mie 17 abril: \u201cRebelde sin Causa\u201d<\/p>\n\n\n\n<p>Mie 24 abril: \u201cLa Ley del Silencio\u201d<strong><\/strong><strong>&nbsp;<\/strong><strong>&nbsp;<\/strong><\/p>\n","protected":false},"excerpt":{"rendered":"<p>&#8220;CASABLANCA&#8221;: FUNCI\u00d3N DE APERTURA 8va. TEMPORADA \u2013 A\u00d1O 2024 \u2013 CICLO N\u00b0 45: Ciclo de Cine\u00a0auspiciado por\u00a0el Rotary Club de San Mart\u00edn de los Andes. A beneficio de la \u201cASOCIACI\u00d3N ITALIANA de San Mart\u00edn de los Andes\u201d Mi\u00e9rcoles 3 de Abril 20.30hs \u2013 Sala \u201cAmankay\u201d de Cotesma Programaci\u00f3n y Presentaci\u00f3n:&nbsp;Guillermo Ianniello Ciclo&nbsp;\u201cEL INOLVIDABLE CINE CL\u00c1SICO\u201d \u201cCASABLANCA\u201d.&nbsp;&nbsp;&nbsp;Humphrey Bogart&nbsp;\u2013&nbsp;Ingrid Bergman&nbsp;\u2013&nbsp;Claude Rains&nbsp; &nbsp;&nbsp; \u00bfQu\u00e9 se puede decir de &hellip; <a href=\"https:\/\/cultura.sma.gob.ar\/?p=5420\" class=\"more-link\">Continue reading <span class=\"screen-reader-text\">El ciclo de cine a beneficio de la Asociaci\u00f3n Italiana comienza con &#8220;Casablanca&#8221;<\/span><\/a><\/p>\n","protected":false},"author":1,"featured_media":297,"comment_status":"closed","ping_status":"","sticky":false,"template":"","format":"image","meta":{"footnotes":""},"categories":[2,9],"tags":[],"class_list":["post-5420","post","type-post","status-publish","format-image","has-post-thumbnail","hentry","category-ciudad-cultural","category-ultimas-noticias","post_format-post-format-image"],"_links":{"self":[{"href":"https:\/\/cultura.sma.gob.ar\/index.php?rest_route=\/wp\/v2\/posts\/5420","targetHints":{"allow":["GET"]}}],"collection":[{"href":"https:\/\/cultura.sma.gob.ar\/index.php?rest_route=\/wp\/v2\/posts"}],"about":[{"href":"https:\/\/cultura.sma.gob.ar\/index.php?rest_route=\/wp\/v2\/types\/post"}],"author":[{"embeddable":true,"href":"https:\/\/cultura.sma.gob.ar\/index.php?rest_route=\/wp\/v2\/users\/1"}],"replies":[{"embeddable":true,"href":"https:\/\/cultura.sma.gob.ar\/index.php?rest_route=%2Fwp%2Fv2%2Fcomments&post=5420"}],"version-history":[{"count":1,"href":"https:\/\/cultura.sma.gob.ar\/index.php?rest_route=\/wp\/v2\/posts\/5420\/revisions"}],"predecessor-version":[{"id":5422,"href":"https:\/\/cultura.sma.gob.ar\/index.php?rest_route=\/wp\/v2\/posts\/5420\/revisions\/5422"}],"wp:featuredmedia":[{"embeddable":true,"href":"https:\/\/cultura.sma.gob.ar\/index.php?rest_route=\/wp\/v2\/media\/297"}],"wp:attachment":[{"href":"https:\/\/cultura.sma.gob.ar\/index.php?rest_route=%2Fwp%2Fv2%2Fmedia&parent=5420"}],"wp:term":[{"taxonomy":"category","embeddable":true,"href":"https:\/\/cultura.sma.gob.ar\/index.php?rest_route=%2Fwp%2Fv2%2Fcategories&post=5420"},{"taxonomy":"post_tag","embeddable":true,"href":"https:\/\/cultura.sma.gob.ar\/index.php?rest_route=%2Fwp%2Fv2%2Ftags&post=5420"}],"curies":[{"name":"wp","href":"https:\/\/api.w.org\/{rel}","templated":true}]}}