{"id":5416,"date":"2024-03-18T10:49:36","date_gmt":"2024-03-18T13:49:36","guid":{"rendered":"http:\/\/cultura.sma.gob.ar\/?p=5416"},"modified":"2024-03-18T10:49:36","modified_gmt":"2024-03-18T13:49:36","slug":"tercer-encuentro-por-la-memoria-funciones-especiales-de-teatro","status":"publish","type":"post","link":"https:\/\/cultura.sma.gob.ar\/?p=5416","title":{"rendered":"Tercer Encuentro por la Memoria: funciones especiales de teatro"},"content":{"rendered":"\n<figure class=\"wp-block-image size-large\"><img loading=\"lazy\" decoding=\"async\" width=\"1024\" height=\"1024\" src=\"https:\/\/cultura.sma.gob.ar\/wp-content\/uploads\/2024\/03\/SMA-TJ0013-3er-encuentro-por-la-Memoria-RRSS_1x1-A-1024x1024.jpg\" alt=\"\" class=\"wp-image-5417\" srcset=\"https:\/\/cultura.sma.gob.ar\/wp-content\/uploads\/2024\/03\/SMA-TJ0013-3er-encuentro-por-la-Memoria-RRSS_1x1-A-1024x1024.jpg 1024w, https:\/\/cultura.sma.gob.ar\/wp-content\/uploads\/2024\/03\/SMA-TJ0013-3er-encuentro-por-la-Memoria-RRSS_1x1-A-300x300.jpg 300w, https:\/\/cultura.sma.gob.ar\/wp-content\/uploads\/2024\/03\/SMA-TJ0013-3er-encuentro-por-la-Memoria-RRSS_1x1-A-150x150.jpg 150w, https:\/\/cultura.sma.gob.ar\/wp-content\/uploads\/2024\/03\/SMA-TJ0013-3er-encuentro-por-la-Memoria-RRSS_1x1-A-768x768.jpg 768w, https:\/\/cultura.sma.gob.ar\/wp-content\/uploads\/2024\/03\/SMA-TJ0013-3er-encuentro-por-la-Memoria-RRSS_1x1-A-1536x1536.jpg 1536w, https:\/\/cultura.sma.gob.ar\/wp-content\/uploads\/2024\/03\/SMA-TJ0013-3er-encuentro-por-la-Memoria-RRSS_1x1-A-2048x2048.jpg 2048w, https:\/\/cultura.sma.gob.ar\/wp-content\/uploads\/2024\/03\/SMA-TJ0013-3er-encuentro-por-la-Memoria-RRSS_1x1-A-90x90.jpg 90w\" sizes=\"auto, (max-width: 1024px) 100vw, 1024px\" \/><\/figure>\n\n\n\n<p><strong>\u00danicas dos funciones, el 19 y 20 de marzo,  a las 20hs.<\/strong> <\/p>\n\n\n\n<p>Se invita de forma gratuita a colegios secundarios con turno noche.  Por otro lado, ambas funciones est\u00e1n abiertas a todo p\u00fablico, con entradas que est\u00e1n a la venta en el Teatro San Jos\u00e9, hasta el mi\u00e9rcoles 20 de marzo, de 9 a 19 hs. Valor de la entrada $200.<\/p>\n\n\n\n<p><strong>CORRIENDO EN LA SANGRE &#8211; \u00a0El Cofre Colectivo Art\u00edstico<\/strong><\/p>\n\n\n\n<p><strong>SINOPSIS<\/strong>:  &#8220;Corriendo en la sangre&#8221; es una obra perteneciente al ciclo de Teatro por la Identidad. Tres generaciones. Una ni\u00f1a que, en medio de pesadillas y conductas cotidianas, opera como emergente de un secreto familiar. Una psicopedagoga que, con sus preguntas, colaborar\u00e1 para hallar la verdad. Cuando un grito interno lucha por salir, y el d\u00eda se vuelve noche; cuando la oscuridad lo cubre todo, los sue\u00f1os hablan.<\/p>\n\n\n\n<p>&nbsp;<strong>Autora:<\/strong>&nbsp;Teresita Galimany &#8211; Ciclo Teatro x la Identidad.&nbsp;<strong>Actuaci\u00f3n:<\/strong>&nbsp;Lucia Calvo &#8211; Claudia Lauscher &#8211; Margaret Romero.&nbsp;<strong>Direcci\u00f3n:<\/strong>&nbsp;Constanza Rulli.&nbsp;<strong>T\u00e9cnica y luces:<\/strong>&nbsp;Micaela Herz.&nbsp;<strong>Asistencia t\u00e9cnica:&nbsp;<\/strong>Esteban Garay&nbsp;<strong>Escenograf\u00eda y vestuario:&nbsp;<\/strong>Celeste Contreras.<strong>&nbsp;Asistencia en Sala:<\/strong>&nbsp;Silvina Ziegel, Mariana Taberniso y Miriam Feldman.&nbsp;<strong>Fotograf\u00eda:<\/strong>&nbsp;Ana Albornoz. I<strong>dea y Producci\u00f3n:<\/strong>&nbsp;El Cofre Colectivo Art\u00edstico<\/p>\n","protected":false},"excerpt":{"rendered":"<p>\u00danicas dos funciones, el 19 y 20 de marzo, a las 20hs. Se invita de forma gratuita a colegios secundarios con turno noche. Por otro lado, ambas funciones est\u00e1n abiertas a todo p\u00fablico, con entradas que est\u00e1n a la venta en el Teatro San Jos\u00e9, hasta el mi\u00e9rcoles 20 de marzo, de 9 a 19 hs. Valor de la entrada $200. CORRIENDO EN LA SANGRE &hellip; <a href=\"https:\/\/cultura.sma.gob.ar\/?p=5416\" class=\"more-link\">Continue reading <span class=\"screen-reader-text\">Tercer Encuentro por la Memoria: funciones especiales de teatro<\/span><\/a><\/p>\n","protected":false},"author":1,"featured_media":292,"comment_status":"closed","ping_status":"","sticky":false,"template":"","format":"image","meta":{"footnotes":""},"categories":[8,9],"tags":[],"class_list":["post-5416","post","type-post","status-publish","format-image","has-post-thumbnail","hentry","category-teatro-san-jose","category-ultimas-noticias","post_format-post-format-image"],"_links":{"self":[{"href":"https:\/\/cultura.sma.gob.ar\/index.php?rest_route=\/wp\/v2\/posts\/5416","targetHints":{"allow":["GET"]}}],"collection":[{"href":"https:\/\/cultura.sma.gob.ar\/index.php?rest_route=\/wp\/v2\/posts"}],"about":[{"href":"https:\/\/cultura.sma.gob.ar\/index.php?rest_route=\/wp\/v2\/types\/post"}],"author":[{"embeddable":true,"href":"https:\/\/cultura.sma.gob.ar\/index.php?rest_route=\/wp\/v2\/users\/1"}],"replies":[{"embeddable":true,"href":"https:\/\/cultura.sma.gob.ar\/index.php?rest_route=%2Fwp%2Fv2%2Fcomments&post=5416"}],"version-history":[{"count":1,"href":"https:\/\/cultura.sma.gob.ar\/index.php?rest_route=\/wp\/v2\/posts\/5416\/revisions"}],"predecessor-version":[{"id":5418,"href":"https:\/\/cultura.sma.gob.ar\/index.php?rest_route=\/wp\/v2\/posts\/5416\/revisions\/5418"}],"wp:featuredmedia":[{"embeddable":true,"href":"https:\/\/cultura.sma.gob.ar\/index.php?rest_route=\/wp\/v2\/media\/292"}],"wp:attachment":[{"href":"https:\/\/cultura.sma.gob.ar\/index.php?rest_route=%2Fwp%2Fv2%2Fmedia&parent=5416"}],"wp:term":[{"taxonomy":"category","embeddable":true,"href":"https:\/\/cultura.sma.gob.ar\/index.php?rest_route=%2Fwp%2Fv2%2Fcategories&post=5416"},{"taxonomy":"post_tag","embeddable":true,"href":"https:\/\/cultura.sma.gob.ar\/index.php?rest_route=%2Fwp%2Fv2%2Ftags&post=5416"}],"curies":[{"name":"wp","href":"https:\/\/api.w.org\/{rel}","templated":true}]}}