{"id":541,"date":"2020-11-03T13:03:33","date_gmt":"2020-11-03T16:03:33","guid":{"rendered":"http:\/\/cultura.sma.gob.ar\/?p=541"},"modified":"2020-11-10T10:27:01","modified_gmt":"2020-11-10T13:27:01","slug":"talleres-y-actividades-con-inscripcion-previa-14-feria-regional-del-libro","status":"publish","type":"post","link":"https:\/\/cultura.sma.gob.ar\/?p=541","title":{"rendered":"Talleres y actividades con inscripci\u00f3n previa | 14\u00b0 Feria Regional del Libro"},"content":{"rendered":"\n<figure class=\"wp-block-image size-large\"><img loading=\"lazy\" decoding=\"async\" width=\"1024\" height=\"1024\" src=\"http:\/\/cultura.sma.gob.ar\/wp-content\/uploads\/2020\/11\/feria-del-libro2020-redes-sociales-10-1024x1024.jpg\" alt=\"\" class=\"wp-image-542\" srcset=\"https:\/\/cultura.sma.gob.ar\/wp-content\/uploads\/2020\/11\/feria-del-libro2020-redes-sociales-10-1024x1024.jpg 1024w, https:\/\/cultura.sma.gob.ar\/wp-content\/uploads\/2020\/11\/feria-del-libro2020-redes-sociales-10-300x300.jpg 300w, https:\/\/cultura.sma.gob.ar\/wp-content\/uploads\/2020\/11\/feria-del-libro2020-redes-sociales-10-150x150.jpg 150w, https:\/\/cultura.sma.gob.ar\/wp-content\/uploads\/2020\/11\/feria-del-libro2020-redes-sociales-10-768x768.jpg 768w, https:\/\/cultura.sma.gob.ar\/wp-content\/uploads\/2020\/11\/feria-del-libro2020-redes-sociales-10-1536x1536.jpg 1536w, https:\/\/cultura.sma.gob.ar\/wp-content\/uploads\/2020\/11\/feria-del-libro2020-redes-sociales-10-90x90.jpg 90w, https:\/\/cultura.sma.gob.ar\/wp-content\/uploads\/2020\/11\/feria-del-libro2020-redes-sociales-10.jpg 1875w\" sizes=\"auto, (max-width: 1024px) 100vw, 1024px\" \/><\/figure>\n\n\n\n<p>Todas las siguientes actividades se realizar\u00e1n bajo estricto protocolo sanitario y requieren inscripci\u00f3n previa v\u00eda mail a talleres.cultura@smandes.gov.ar o telef\u00f3nicamente al 424804<\/p>\n\n\n\n<ul class=\"wp-block-list\"><li><a href=\"http:\/\/cultura.sma.gob.ar\/2020\/11\/03\/taller-de-escritura-creativa-14-feria-regional-del-libro\/\" data-type=\"post\" data-id=\"538\">Taller de escritura creativa &#8211; Ayel\u00e9n Mart\u00ednez<\/a><\/li><li><a href=\"http:\/\/cultura.sma.gob.ar\/2020\/11\/03\/un-camino-y-un-secreto-14-feria-regional-del-libro\/\" data-type=\"post\" data-id=\"535\">Un camino y un secreto &#8211; Mar\u00eda Martha Paz<\/a><\/li><li><a href=\"http:\/\/cultura.sma.gob.ar\/2020\/11\/03\/seamos-editores-14-feria-regional-del-libro\/\" data-type=\"post\" data-id=\"532\">Seamos editores &#8211; Mariano y Fabiana Tenaglia<\/a><\/li><li><a href=\"http:\/\/cultura.sma.gob.ar\/2020\/11\/03\/taller-relato-fotografico-14-feria-regional-del-libro\/\" data-type=\"post\" data-id=\"529\">Relato fotogr\u00e1fico &#8211; Leonardo Guevara<\/a><\/li><li><a href=\"http:\/\/cultura.sma.gob.ar\/2020\/11\/03\/rap-poesia-oral-improvisada-14-feria-regional-del-libro\/\" data-type=\"post\" data-id=\"526\">Rap: Poes\u00eda oral improvisada &#8211; Ciro y Tiago<\/a><\/li><li><a href=\"http:\/\/cultura.sma.gob.ar\/2020\/11\/03\/payadores-poesia-oral-improvisada-14-feria-regional-del-libro\/\" data-type=\"post\" data-id=\"523\">Payadores: poes\u00eda oral  &#8211; Nahuel Trujillo<\/a><\/li><li><a href=\"http:\/\/cultura.sma.gob.ar\/2020\/11\/03\/microficciones-para-radio-14-feria-regional-del-libro\/\" data-type=\"post\" data-id=\"519\">Microficciones para radio &#8211; Claudia Lauscher, M\u00f3nica Jara y Francisco Tealdo<\/a><\/li><li><a href=\"http:\/\/cultura.sma.gob.ar\/2020\/11\/03\/microficciones-para-radio-narrativa-para-ninos-y-ninas-14-feria-regional-del-libro\/\" data-type=\"post\" data-id=\"516\">Microficci\u00f3nes para ni\u00f1os y ni\u00f1as &#8211; Claudia Lauscher, M\u00f3nica Jara y Mariana Taberniso<\/a><\/li><li><a href=\"http:\/\/cultura.sma.gob.ar\/2020\/11\/03\/encuentro-artistico-como-vemos-el-futuro-14-feria-regional-del-libro\/\" data-type=\"post\" data-id=\"513\">Encuentro Art\u00edstico: \u00bfc\u00f3mo vemos el futuro? &#8211; Biblioteca Popular La Cascada<\/a><\/li><li><a href=\"http:\/\/cultura.sma.gob.ar\/2020\/11\/03\/la-calma-del-leon-14-feria-regional-del-libro\/\" data-type=\"post\" data-id=\"510\">La Calma de Le\u00f3n &#8211; Ayel\u00e9n Correa Garabello<\/a><\/li><li><a href=\"http:\/\/cultura.sma.gob.ar\/2020\/11\/03\/hora-del-cuento-14-feria-regional-del-libro\/\" data-type=\"post\" data-id=\"507\">Hora del Cuento &#8211; Subsecretar\u00eda de infancias<\/a><\/li><li><a href=\"http:\/\/cultura.sma.gob.ar\/2020\/11\/03\/la-cultura-popular-y-el-hip-hop-14-feria-regional-del-libro\/\" data-type=\"post\" data-id=\"504\">La cultura popular y el Hip Hop &#8211; Karen Pastrana y Javier \u201cIndio\u201d Ortega, alias Asterisco<\/a><\/li><li><a href=\"http:\/\/cultura.sma.gob.ar\/2020\/11\/03\/taller-de-encuadernacion-14-feria-regional-del-libro\/\" data-type=\"post\" data-id=\"501\">Taller de encuadernaci\u00f3n &#8211; Mariel Salva<\/a><\/li><li><a href=\"http:\/\/cultura.sma.gob.ar\/2020\/11\/03\/cuento-contigo-14-feria-regional-del-libro\/\" data-type=\"post\" data-id=\"497\">Cuento Contigo &#8211; Cuenteros comunitarios<\/a><\/li><li><a href=\"http:\/\/cultura.sma.gob.ar\/2020\/11\/03\/taller-de-ajedrez-14-feria-regional-del-libro\/\" data-type=\"post\" data-id=\"494\">Taller de Ajedrez &#8211; Marco Montenegro<\/a> (CUPOS AGOTADOS PARA D\u00cdA S\u00c1BADO &#8211; A\u00daN QUEDAN LUGARES PARA EL JUEVES)<\/li><li><a href=\"http:\/\/cultura.sma.gob.ar\/2020\/11\/03\/taller-de-juegos-de-roles-14-feria-regional-del-libro\/\" data-type=\"post\" data-id=\"489\">Taller de juegos de rol &#8211; Juan Pablo Villagra<\/a><\/li><\/ul>\n","protected":false},"excerpt":{"rendered":"<p>Listado completo de actividades y talleres con inscripci\u00f3n previa <a href=\"https:\/\/cultura.sma.gob.ar\/?p=541\" class=\"more-link\">Continue reading <span class=\"screen-reader-text\">Talleres y actividades con inscripci\u00f3n previa | 14\u00b0 Feria Regional del Libro<\/span><\/a><\/p>\n","protected":false},"author":1,"featured_media":296,"comment_status":"closed","ping_status":"","sticky":false,"template":"","format":"image","meta":{"footnotes":""},"categories":[3,9],"tags":[],"class_list":["post-541","post","type-post","status-publish","format-image","has-post-thumbnail","hentry","category-eventos-cultura","category-ultimas-noticias","post_format-post-format-image"],"_links":{"self":[{"href":"https:\/\/cultura.sma.gob.ar\/index.php?rest_route=\/wp\/v2\/posts\/541","targetHints":{"allow":["GET"]}}],"collection":[{"href":"https:\/\/cultura.sma.gob.ar\/index.php?rest_route=\/wp\/v2\/posts"}],"about":[{"href":"https:\/\/cultura.sma.gob.ar\/index.php?rest_route=\/wp\/v2\/types\/post"}],"author":[{"embeddable":true,"href":"https:\/\/cultura.sma.gob.ar\/index.php?rest_route=\/wp\/v2\/users\/1"}],"replies":[{"embeddable":true,"href":"https:\/\/cultura.sma.gob.ar\/index.php?rest_route=%2Fwp%2Fv2%2Fcomments&post=541"}],"version-history":[{"count":7,"href":"https:\/\/cultura.sma.gob.ar\/index.php?rest_route=\/wp\/v2\/posts\/541\/revisions"}],"predecessor-version":[{"id":749,"href":"https:\/\/cultura.sma.gob.ar\/index.php?rest_route=\/wp\/v2\/posts\/541\/revisions\/749"}],"wp:featuredmedia":[{"embeddable":true,"href":"https:\/\/cultura.sma.gob.ar\/index.php?rest_route=\/wp\/v2\/media\/296"}],"wp:attachment":[{"href":"https:\/\/cultura.sma.gob.ar\/index.php?rest_route=%2Fwp%2Fv2%2Fmedia&parent=541"}],"wp:term":[{"taxonomy":"category","embeddable":true,"href":"https:\/\/cultura.sma.gob.ar\/index.php?rest_route=%2Fwp%2Fv2%2Fcategories&post=541"},{"taxonomy":"post_tag","embeddable":true,"href":"https:\/\/cultura.sma.gob.ar\/index.php?rest_route=%2Fwp%2Fv2%2Ftags&post=541"}],"curies":[{"name":"wp","href":"https:\/\/api.w.org\/{rel}","templated":true}]}}