{"id":5396,"date":"2024-03-07T09:38:04","date_gmt":"2024-03-07T12:38:04","guid":{"rendered":"http:\/\/cultura.sma.gob.ar\/?p=5396"},"modified":"2024-03-07T09:38:04","modified_gmt":"2024-03-07T12:38:04","slug":"quedo-conformada-la-nueva-comision-directiva-del-centro-editor-municipal","status":"publish","type":"post","link":"https:\/\/cultura.sma.gob.ar\/?p=5396","title":{"rendered":"Qued\u00f3 conformada la nueva Comisi\u00f3n Directiva del Centro Editor Municipal"},"content":{"rendered":"\n<figure class=\"wp-block-image size-large\"><img loading=\"lazy\" decoding=\"async\" width=\"1024\" height=\"768\" src=\"https:\/\/cultura.sma.gob.ar\/wp-content\/uploads\/2024\/03\/WhatsApp-Image-2024-03-06-at-8.54.05-PM-1024x768.jpeg\" alt=\"\" class=\"wp-image-5397\" srcset=\"https:\/\/cultura.sma.gob.ar\/wp-content\/uploads\/2024\/03\/WhatsApp-Image-2024-03-06-at-8.54.05-PM-1024x768.jpeg 1024w, https:\/\/cultura.sma.gob.ar\/wp-content\/uploads\/2024\/03\/WhatsApp-Image-2024-03-06-at-8.54.05-PM-300x225.jpeg 300w, https:\/\/cultura.sma.gob.ar\/wp-content\/uploads\/2024\/03\/WhatsApp-Image-2024-03-06-at-8.54.05-PM-768x576.jpeg 768w, https:\/\/cultura.sma.gob.ar\/wp-content\/uploads\/2024\/03\/WhatsApp-Image-2024-03-06-at-8.54.05-PM-120x90.jpeg 120w, https:\/\/cultura.sma.gob.ar\/wp-content\/uploads\/2024\/03\/WhatsApp-Image-2024-03-06-at-8.54.05-PM.jpeg 1152w\" sizes=\"auto, (max-width: 1024px) 100vw, 1024px\" \/><\/figure>\n\n\n\n<p>La nueva Comisi\u00f3n Directiva del Centro Editor Municipal comenz\u00f3 a reunirse y recibi\u00f3 la visita del secretario de Cultura, Gustavo Santos.<\/p>\n\n\n\n<p>Esta nueva comisi\u00f3n, que tiene una duraci\u00f3n de 2 a\u00f1os, seg\u00fan lo establece la Ordenanza N\u00ba 6903\/06, est\u00e1 integrada por Jorge del R\u00edo en representaci\u00f3n de la Biblioteca Popular 4 de Febrero, Alejandra Higuera por la Biblioteca Popular La Cascada, Sabrina Fleman por la Biblioteca Popular 9 de Julio, Georgiana Sol Vaioli en representaci\u00f3n de la Secretar\u00eda de Cultura de Jun\u00edn de los Andes y Leonardo Leggieri, designado por la Secretar\u00eda de Cultura de nuestra ciudad.<\/p>\n\n\n\n<figure class=\"wp-block-image size-large\"><img loading=\"lazy\" decoding=\"async\" width=\"1024\" height=\"768\" src=\"https:\/\/cultura.sma.gob.ar\/wp-content\/uploads\/2024\/03\/WhatsApp-Image-2024-03-06-at-8.53.54-PM-1024x768.jpeg\" alt=\"\" class=\"wp-image-5398\" srcset=\"https:\/\/cultura.sma.gob.ar\/wp-content\/uploads\/2024\/03\/WhatsApp-Image-2024-03-06-at-8.53.54-PM-1024x768.jpeg 1024w, https:\/\/cultura.sma.gob.ar\/wp-content\/uploads\/2024\/03\/WhatsApp-Image-2024-03-06-at-8.53.54-PM-300x225.jpeg 300w, https:\/\/cultura.sma.gob.ar\/wp-content\/uploads\/2024\/03\/WhatsApp-Image-2024-03-06-at-8.53.54-PM-768x576.jpeg 768w, https:\/\/cultura.sma.gob.ar\/wp-content\/uploads\/2024\/03\/WhatsApp-Image-2024-03-06-at-8.53.54-PM-120x90.jpeg 120w, https:\/\/cultura.sma.gob.ar\/wp-content\/uploads\/2024\/03\/WhatsApp-Image-2024-03-06-at-8.53.54-PM.jpeg 1280w\" sizes=\"auto, (max-width: 1024px) 100vw, 1024px\" \/><\/figure>\n\n\n\n<p>La comisi\u00f3n ya se encuentra trabajando en lo que ser\u00e1 el pr\u00f3ximo llamado a concurso literario, cuyas bases y condiciones ser\u00e1n difundidas en las pr\u00f3ximas semanas.<\/p>\n","protected":false},"excerpt":{"rendered":"<p>La nueva Comisi\u00f3n Directiva del Centro Editor Municipal comenz\u00f3 a reunirse y recibi\u00f3 la visita del secretario de Cultura, Gustavo Santos. Esta nueva comisi\u00f3n, que tiene una duraci\u00f3n de 2 a\u00f1os, seg\u00fan lo establece la Ordenanza N\u00ba 6903\/06, est\u00e1 integrada por Jorge del R\u00edo en representaci\u00f3n de la Biblioteca Popular 4 de Febrero, Alejandra Higuera por la Biblioteca Popular La Cascada, Sabrina Fleman por la &hellip; <a href=\"https:\/\/cultura.sma.gob.ar\/?p=5396\" class=\"more-link\">Continue reading <span class=\"screen-reader-text\">Qued\u00f3 conformada la nueva Comisi\u00f3n Directiva del Centro Editor Municipal<\/span><\/a><\/p>\n","protected":false},"author":1,"featured_media":297,"comment_status":"closed","ping_status":"","sticky":false,"template":"","format":"image","meta":{"footnotes":""},"categories":[2,9],"tags":[],"class_list":["post-5396","post","type-post","status-publish","format-image","has-post-thumbnail","hentry","category-ciudad-cultural","category-ultimas-noticias","post_format-post-format-image"],"_links":{"self":[{"href":"https:\/\/cultura.sma.gob.ar\/index.php?rest_route=\/wp\/v2\/posts\/5396","targetHints":{"allow":["GET"]}}],"collection":[{"href":"https:\/\/cultura.sma.gob.ar\/index.php?rest_route=\/wp\/v2\/posts"}],"about":[{"href":"https:\/\/cultura.sma.gob.ar\/index.php?rest_route=\/wp\/v2\/types\/post"}],"author":[{"embeddable":true,"href":"https:\/\/cultura.sma.gob.ar\/index.php?rest_route=\/wp\/v2\/users\/1"}],"replies":[{"embeddable":true,"href":"https:\/\/cultura.sma.gob.ar\/index.php?rest_route=%2Fwp%2Fv2%2Fcomments&post=5396"}],"version-history":[{"count":1,"href":"https:\/\/cultura.sma.gob.ar\/index.php?rest_route=\/wp\/v2\/posts\/5396\/revisions"}],"predecessor-version":[{"id":5399,"href":"https:\/\/cultura.sma.gob.ar\/index.php?rest_route=\/wp\/v2\/posts\/5396\/revisions\/5399"}],"wp:featuredmedia":[{"embeddable":true,"href":"https:\/\/cultura.sma.gob.ar\/index.php?rest_route=\/wp\/v2\/media\/297"}],"wp:attachment":[{"href":"https:\/\/cultura.sma.gob.ar\/index.php?rest_route=%2Fwp%2Fv2%2Fmedia&parent=5396"}],"wp:term":[{"taxonomy":"category","embeddable":true,"href":"https:\/\/cultura.sma.gob.ar\/index.php?rest_route=%2Fwp%2Fv2%2Fcategories&post=5396"},{"taxonomy":"post_tag","embeddable":true,"href":"https:\/\/cultura.sma.gob.ar\/index.php?rest_route=%2Fwp%2Fv2%2Ftags&post=5396"}],"curies":[{"name":"wp","href":"https:\/\/api.w.org\/{rel}","templated":true}]}}