{"id":5380,"date":"2024-03-04T10:44:57","date_gmt":"2024-03-04T13:44:57","guid":{"rendered":"http:\/\/cultura.sma.gob.ar\/?p=5380"},"modified":"2024-03-04T10:44:57","modified_gmt":"2024-03-04T13:44:57","slug":"mas-de-40-personas-volvieron-a-encontrarse-en-el-hito-ilpela-celebrando-los-25-anos-del-encuentro-binacional-de-poetas-organizado-por-futrono-y-san-martin-de-los-andes-en-1999","status":"publish","type":"post","link":"https:\/\/cultura.sma.gob.ar\/?p=5380","title":{"rendered":"M\u00e1s de 40 personas volvieron a encontrarse en el hito Ilpela, celebrando los 25 a\u00f1os del Encuentro Binacional de Poetas organizado por Futrono y San Mart\u00edn de los Andes en 1999"},"content":{"rendered":"\n<figure class=\"wp-block-image size-large\"><img loading=\"lazy\" decoding=\"async\" width=\"1024\" height=\"682\" src=\"https:\/\/cultura.sma.gob.ar\/wp-content\/uploads\/2024\/03\/69da1a6b-8755-42c0-ad6a-ca1c63a6cf54-1024x682.jpg\" alt=\"\" class=\"wp-image-5382\" srcset=\"https:\/\/cultura.sma.gob.ar\/wp-content\/uploads\/2024\/03\/69da1a6b-8755-42c0-ad6a-ca1c63a6cf54-1024x682.jpg 1024w, https:\/\/cultura.sma.gob.ar\/wp-content\/uploads\/2024\/03\/69da1a6b-8755-42c0-ad6a-ca1c63a6cf54-300x200.jpg 300w, https:\/\/cultura.sma.gob.ar\/wp-content\/uploads\/2024\/03\/69da1a6b-8755-42c0-ad6a-ca1c63a6cf54-768x512.jpg 768w, https:\/\/cultura.sma.gob.ar\/wp-content\/uploads\/2024\/03\/69da1a6b-8755-42c0-ad6a-ca1c63a6cf54-1536x1023.jpg 1536w, https:\/\/cultura.sma.gob.ar\/wp-content\/uploads\/2024\/03\/69da1a6b-8755-42c0-ad6a-ca1c63a6cf54-135x90.jpg 135w, https:\/\/cultura.sma.gob.ar\/wp-content\/uploads\/2024\/03\/69da1a6b-8755-42c0-ad6a-ca1c63a6cf54.jpg 1600w\" sizes=\"auto, (max-width: 1024px) 100vw, 1024px\" \/><\/figure>\n\n\n\n<p>Hace 25 a\u00f1os, los municipios de Futrono y San Mart\u00edn de los Andes organizaban un Encuentro Binacional de Poetas para conmemorar el 50\u00ba aniversario del paso del poeta Pablo Neruda por ambas localidades, cuando tuvo que escapar de su pa\u00eds en forma clandestina, debido a la persecuci\u00f3n pol\u00edtica. En ese encuentro, reconocidos poetas, periodistas y autoridades cruzaron la cordillera por el sendero que utiliz\u00f3 Neruda aquella vez.<\/p>\n\n\n\n<p>Diez a\u00f1os despu\u00e9s, en 2009, se repiti\u00f3 la experiencia pero esta vez las actividades se organizaron en Futrono y hubo un encuentro de poetas y pobladores de ambas ciudades en el hito Ilpela, es decir, en el paso por donde cruz\u00f3 Neruda. Fue en esa ocasi\u00f3n que los presentes nombraron \u201cPablo Neruda\u201d a la laguna que all\u00ed se encuentra, del lado argentino, a pocos metros del l\u00edmite internacional.<\/p>\n\n\n\n<p>El pasado s\u00e1bado 3 de marzo pasado, un grupo de m\u00e1s de 40 personas, entre vecinos, pobladores rurales y trabajadores del Parque Nacional Lan\u00edn, volvieron al hito para celebrar aquel acontecimiento del que se cumplen 25 a\u00f1os y, al mismo tiempo, los 75 a\u00f1os del paso de Neruda.<\/p>\n\n\n\n<figure class=\"wp-block-image size-large\"><img loading=\"lazy\" decoding=\"async\" width=\"1024\" height=\"682\" src=\"https:\/\/cultura.sma.gob.ar\/wp-content\/uploads\/2024\/03\/WhatsApp-Image-2024-03-03-at-6.59.50-PM-1024x682.jpeg\" alt=\"\" class=\"wp-image-5383\" srcset=\"https:\/\/cultura.sma.gob.ar\/wp-content\/uploads\/2024\/03\/WhatsApp-Image-2024-03-03-at-6.59.50-PM-1024x682.jpeg 1024w, https:\/\/cultura.sma.gob.ar\/wp-content\/uploads\/2024\/03\/WhatsApp-Image-2024-03-03-at-6.59.50-PM-300x200.jpeg 300w, https:\/\/cultura.sma.gob.ar\/wp-content\/uploads\/2024\/03\/WhatsApp-Image-2024-03-03-at-6.59.50-PM-768x512.jpeg 768w, https:\/\/cultura.sma.gob.ar\/wp-content\/uploads\/2024\/03\/WhatsApp-Image-2024-03-03-at-6.59.50-PM-1536x1023.jpeg 1536w, https:\/\/cultura.sma.gob.ar\/wp-content\/uploads\/2024\/03\/WhatsApp-Image-2024-03-03-at-6.59.50-PM-135x90.jpeg 135w, https:\/\/cultura.sma.gob.ar\/wp-content\/uploads\/2024\/03\/WhatsApp-Image-2024-03-03-at-6.59.50-PM.jpeg 1600w\" sizes=\"auto, (max-width: 1024px) 100vw, 1024px\" \/><\/figure>\n\n\n\n<p>Formaron parte de la comitiva representantes de la Asociaci\u00f3n Ram\u00f3n Iv\u00e1n Quichiyao Figueroa, quienes se proponen sumarse, desde el lado chileno, a las caminatas al hito Ilpela que cada a\u00f1o convoca la Biblioteca Popular 9 de Julio de nuestra ciudad, con el acompa\u00f1amiento del Parque Nacional Lan\u00edn. De este modo, en los pr\u00f3ximos a\u00f1os volver\u00edan a producirse los encuentros entre pobladores argentinos y chilenos en el l\u00edmite internacional, para recordar a Neruda y difundir la relevancia hist\u00f3rica de este sendero, que es una de las rutas culturales m\u00e1s importantes de la zona.<\/p>\n\n\n\n<p>Ram\u00f3n Iv\u00e1n Quichiyao Figueroa fue el impulsor del encuentro binacional de poetas de 1999, junto a Elena Lapuente, quien era directora de Cultura de San Mart\u00edn de los Andes.<\/p>\n\n\n\n<p>El sendero a Paso Ilpela fue utilizado por pobladores originarios desde hace siglos, por all\u00ed pas\u00f3 el explorador Guillermo Cox en 1863, dejando un valioso testimonio sobre geograf\u00eda y etnograf\u00eda; tambi\u00e9n est\u00e1 vinculado a la historia forestal de la regi\u00f3n y es el mismo sendero por donde Neruda ingres\u00f3 a Argentina en 1949, reencontr\u00e1ndose con la libertad.<\/p>\n","protected":false},"excerpt":{"rendered":"<p>Hace 25 a\u00f1os, los municipios de Futrono y San Mart\u00edn de los Andes organizaban un Encuentro Binacional de Poetas para conmemorar el 50\u00ba aniversario del paso del poeta Pablo Neruda por ambas localidades, cuando tuvo que escapar de su pa\u00eds en forma clandestina, debido a la persecuci\u00f3n pol\u00edtica. En ese encuentro, reconocidos poetas, periodistas y autoridades cruzaron la cordillera por el sendero que utiliz\u00f3 Neruda &hellip; <a href=\"https:\/\/cultura.sma.gob.ar\/?p=5380\" class=\"more-link\">Continue reading <span class=\"screen-reader-text\">M\u00e1s de 40 personas volvieron a encontrarse en el hito Ilpela, celebrando los 25 a\u00f1os del Encuentro Binacional de Poetas organizado por Futrono y San Mart\u00edn de los Andes en 1999<\/span><\/a><\/p>\n","protected":false},"author":1,"featured_media":291,"comment_status":"closed","ping_status":"","sticky":false,"template":"","format":"image","meta":{"footnotes":""},"categories":[5,9],"tags":[],"class_list":["post-5380","post","type-post","status-publish","format-image","has-post-thumbnail","hentry","category-patrimonio-cultural","category-ultimas-noticias","post_format-post-format-image"],"_links":{"self":[{"href":"https:\/\/cultura.sma.gob.ar\/index.php?rest_route=\/wp\/v2\/posts\/5380","targetHints":{"allow":["GET"]}}],"collection":[{"href":"https:\/\/cultura.sma.gob.ar\/index.php?rest_route=\/wp\/v2\/posts"}],"about":[{"href":"https:\/\/cultura.sma.gob.ar\/index.php?rest_route=\/wp\/v2\/types\/post"}],"author":[{"embeddable":true,"href":"https:\/\/cultura.sma.gob.ar\/index.php?rest_route=\/wp\/v2\/users\/1"}],"replies":[{"embeddable":true,"href":"https:\/\/cultura.sma.gob.ar\/index.php?rest_route=%2Fwp%2Fv2%2Fcomments&post=5380"}],"version-history":[{"count":1,"href":"https:\/\/cultura.sma.gob.ar\/index.php?rest_route=\/wp\/v2\/posts\/5380\/revisions"}],"predecessor-version":[{"id":5384,"href":"https:\/\/cultura.sma.gob.ar\/index.php?rest_route=\/wp\/v2\/posts\/5380\/revisions\/5384"}],"wp:featuredmedia":[{"embeddable":true,"href":"https:\/\/cultura.sma.gob.ar\/index.php?rest_route=\/wp\/v2\/media\/291"}],"wp:attachment":[{"href":"https:\/\/cultura.sma.gob.ar\/index.php?rest_route=%2Fwp%2Fv2%2Fmedia&parent=5380"}],"wp:term":[{"taxonomy":"category","embeddable":true,"href":"https:\/\/cultura.sma.gob.ar\/index.php?rest_route=%2Fwp%2Fv2%2Fcategories&post=5380"},{"taxonomy":"post_tag","embeddable":true,"href":"https:\/\/cultura.sma.gob.ar\/index.php?rest_route=%2Fwp%2Fv2%2Ftags&post=5380"}],"curies":[{"name":"wp","href":"https:\/\/api.w.org\/{rel}","templated":true}]}}