{"id":538,"date":"2020-11-03T12:41:56","date_gmt":"2020-11-03T15:41:56","guid":{"rendered":"http:\/\/cultura.sma.gob.ar\/?p=538"},"modified":"2020-11-03T12:41:56","modified_gmt":"2020-11-03T15:41:56","slug":"taller-de-escritura-creativa-14-feria-regional-del-libro","status":"publish","type":"post","link":"https:\/\/cultura.sma.gob.ar\/?p=538","title":{"rendered":"Taller de escritura creativa &#8211; 14\u00b0 Feria regional del libro"},"content":{"rendered":"\n<figure class=\"wp-block-image size-large\"><img loading=\"lazy\" decoding=\"async\" width=\"777\" height=\"781\" src=\"http:\/\/cultura.sma.gob.ar\/wp-content\/uploads\/2020\/11\/escritura.png\" alt=\"\" class=\"wp-image-539\" srcset=\"https:\/\/cultura.sma.gob.ar\/wp-content\/uploads\/2020\/11\/escritura.png 777w, https:\/\/cultura.sma.gob.ar\/wp-content\/uploads\/2020\/11\/escritura-298x300.png 298w, https:\/\/cultura.sma.gob.ar\/wp-content\/uploads\/2020\/11\/escritura-150x150.png 150w, https:\/\/cultura.sma.gob.ar\/wp-content\/uploads\/2020\/11\/escritura-768x772.png 768w, https:\/\/cultura.sma.gob.ar\/wp-content\/uploads\/2020\/11\/escritura-90x90.png 90w\" sizes=\"auto, (max-width: 777px) 100vw, 777px\" \/><\/figure>\n\n\n\n<p>Por <strong>Ayel\u00e9n Mart\u00ednez<\/strong><\/p>\n\n\n\n<ul class=\"wp-block-list\"><li>Mi\u00e9rcoles 11 y viernes 13- 11 hs<\/li><\/ul>\n\n\n\n<p>En la Biblioteca Popular 9 de Julio<\/p>\n\n\n\n<p>Dirigido a adolescentes<\/p>\n\n\n\n<p>Duraci\u00f3n: 2 encuentros de 2 hs<\/p>\n\n\n\n<h4 class=\"wp-block-heading\">Reserv\u00e1 tu lugar escribiendo a <a href=\"mailto:talleres.cultura@smandes.gov.ar\">talleres.cultura@smandes.gov.ar<\/a> o llamando al 424-804<\/h4>\n\n\n\n<p>En el taller se explorar\u00e1n distintos g\u00e9neros literarios (poes\u00eda, narrativa, ensayo) y se tomaran referencias po\u00e9ticas de escritores\/as contempor\u00e1neas\/os, mixturando con otras disciplinas art\u00edsticas como disparadoras y potenciadoras (cine, m\u00fasica, fotograf\u00eda).&nbsp;<\/p>\n","protected":false},"excerpt":{"rendered":"<p>Actividad con protocolo sanitario e inscripci\u00f3n previa <a href=\"https:\/\/cultura.sma.gob.ar\/?p=538\" class=\"more-link\">Continue reading <span class=\"screen-reader-text\">Taller de escritura creativa &#8211; 14\u00b0 Feria regional del libro<\/span><\/a><\/p>\n","protected":false},"author":1,"featured_media":296,"comment_status":"closed","ping_status":"","sticky":false,"template":"","format":"image","meta":{"footnotes":""},"categories":[3,9],"tags":[],"class_list":["post-538","post","type-post","status-publish","format-image","has-post-thumbnail","hentry","category-eventos-cultura","category-ultimas-noticias","post_format-post-format-image"],"_links":{"self":[{"href":"https:\/\/cultura.sma.gob.ar\/index.php?rest_route=\/wp\/v2\/posts\/538","targetHints":{"allow":["GET"]}}],"collection":[{"href":"https:\/\/cultura.sma.gob.ar\/index.php?rest_route=\/wp\/v2\/posts"}],"about":[{"href":"https:\/\/cultura.sma.gob.ar\/index.php?rest_route=\/wp\/v2\/types\/post"}],"author":[{"embeddable":true,"href":"https:\/\/cultura.sma.gob.ar\/index.php?rest_route=\/wp\/v2\/users\/1"}],"replies":[{"embeddable":true,"href":"https:\/\/cultura.sma.gob.ar\/index.php?rest_route=%2Fwp%2Fv2%2Fcomments&post=538"}],"version-history":[{"count":1,"href":"https:\/\/cultura.sma.gob.ar\/index.php?rest_route=\/wp\/v2\/posts\/538\/revisions"}],"predecessor-version":[{"id":540,"href":"https:\/\/cultura.sma.gob.ar\/index.php?rest_route=\/wp\/v2\/posts\/538\/revisions\/540"}],"wp:featuredmedia":[{"embeddable":true,"href":"https:\/\/cultura.sma.gob.ar\/index.php?rest_route=\/wp\/v2\/media\/296"}],"wp:attachment":[{"href":"https:\/\/cultura.sma.gob.ar\/index.php?rest_route=%2Fwp%2Fv2%2Fmedia&parent=538"}],"wp:term":[{"taxonomy":"category","embeddable":true,"href":"https:\/\/cultura.sma.gob.ar\/index.php?rest_route=%2Fwp%2Fv2%2Fcategories&post=538"},{"taxonomy":"post_tag","embeddable":true,"href":"https:\/\/cultura.sma.gob.ar\/index.php?rest_route=%2Fwp%2Fv2%2Ftags&post=538"}],"curies":[{"name":"wp","href":"https:\/\/api.w.org\/{rel}","templated":true}]}}