{"id":5377,"date":"2024-03-04T10:30:24","date_gmt":"2024-03-04T13:30:24","guid":{"rendered":"http:\/\/cultura.sma.gob.ar\/?p=5377"},"modified":"2024-03-04T10:30:24","modified_gmt":"2024-03-04T13:30:24","slug":"orquesta-musicantes-inscripciones-abiertas-2024","status":"publish","type":"post","link":"https:\/\/cultura.sma.gob.ar\/?p=5377","title":{"rendered":"ORQUESTA MUSICANTES: INSCRIPCIONES ABIERTAS 2024"},"content":{"rendered":"\n<figure class=\"wp-block-image size-large\"><img loading=\"lazy\" decoding=\"async\" width=\"592\" height=\"395\" src=\"https:\/\/cultura.sma.gob.ar\/wp-content\/uploads\/2024\/03\/431312740_788089340016097_5196645582150962669_n.jpg\" alt=\"\" class=\"wp-image-5378\" srcset=\"https:\/\/cultura.sma.gob.ar\/wp-content\/uploads\/2024\/03\/431312740_788089340016097_5196645582150962669_n.jpg 592w, https:\/\/cultura.sma.gob.ar\/wp-content\/uploads\/2024\/03\/431312740_788089340016097_5196645582150962669_n-300x200.jpg 300w, https:\/\/cultura.sma.gob.ar\/wp-content\/uploads\/2024\/03\/431312740_788089340016097_5196645582150962669_n-135x90.jpg 135w\" sizes=\"auto, (max-width: 592px) 100vw, 592px\" \/><\/figure>\n\n\n\n<p>La orquesta municipal de instrumentos latinoamericanos MUSICANTES tiene el agrado en comunicar que empezaron las inscripciones para el corriente a\u00f1o.<\/p>\n\n\n\n<p>Desde el Lunes 4 al Jueves 14 de Marzo en el Centro de integraci\u00f3n Comunitaria (CIC), ubicado en Cerro La Virgen, Cordones de Chapelco CH30.<\/p>\n\n\n\n<p>HORARIOS: Lunes, Martes y Mi\u00e9rcoles: 09:00 a 13:00hs. <br>Lunes y Jueves: 18:00 a 20:00hs.<\/p>\n\n\n\n<p>Instrumentos: <img loading=\"lazy\" decoding=\"async\" height=\"16\" width=\"16\" alt=\"\u27a1\ufe0f\" src=\"https:\/\/static.xx.fbcdn.net\/images\/emoji.php\/v9\/t9e\/1\/16\/27a1.png\">Acorde\u00f3n.<img loading=\"lazy\" decoding=\"async\" height=\"16\" width=\"16\" alt=\"\u27a1\ufe0f\" src=\"https:\/\/static.xx.fbcdn.net\/images\/emoji.php\/v9\/t9e\/1\/16\/27a1.png\">Viol\u00edn.<img loading=\"lazy\" decoding=\"async\" height=\"16\" width=\"16\" alt=\"\u27a1\ufe0f\" src=\"https:\/\/static.xx.fbcdn.net\/images\/emoji.php\/v9\/t9e\/1\/16\/27a1.png\">Percusi\u00f3n Latinoamericana.<img loading=\"lazy\" decoding=\"async\" height=\"16\" width=\"16\" alt=\"\u27a1\ufe0f\" src=\"https:\/\/static.xx.fbcdn.net\/images\/emoji.php\/v9\/t9e\/1\/16\/27a1.png\">Sicus.<img loading=\"lazy\" decoding=\"async\" height=\"16\" width=\"16\" alt=\"\u27a1\ufe0f\" src=\"https:\/\/static.xx.fbcdn.net\/images\/emoji.php\/v9\/t9e\/1\/16\/27a1.png\">Charango.<img loading=\"lazy\" decoding=\"async\" height=\"16\" width=\"16\" alt=\"\u27a1\ufe0f\" src=\"https:\/\/static.xx.fbcdn.net\/images\/emoji.php\/v9\/t9e\/1\/16\/27a1.png\">Piano.<img loading=\"lazy\" decoding=\"async\" height=\"16\" width=\"16\" alt=\"\u27a1\ufe0f\" src=\"https:\/\/static.xx.fbcdn.net\/images\/emoji.php\/v9\/t9e\/1\/16\/27a1.png\">Guitarra.<img loading=\"lazy\" decoding=\"async\" height=\"16\" width=\"16\" alt=\"\u27a1\ufe0f\" src=\"https:\/\/static.xx.fbcdn.net\/images\/emoji.php\/v9\/t9e\/1\/16\/27a1.png\">Canto.<\/p>\n\n\n\n<p>EDAD: De 8 a 12 a\u00f1os con fotocopia de DNI. <\/p>\n\n\n\n<p>Los interesados deber\u00e1n asistir acompa\u00f1ados por un adulto responsable. Los esperamos.<\/p>\n","protected":false},"excerpt":{"rendered":"<p>La orquesta municipal de instrumentos latinoamericanos MUSICANTES tiene el agrado en comunicar que empezaron las inscripciones para el corriente a\u00f1o. Desde el Lunes 4 al Jueves 14 de Marzo en el Centro de integraci\u00f3n Comunitaria (CIC), ubicado en Cerro La Virgen, Cordones de Chapelco CH30. HORARIOS: Lunes, Martes y Mi\u00e9rcoles: 09:00 a 13:00hs. Lunes y Jueves: 18:00 a 20:00hs. Instrumentos: Acorde\u00f3n.Viol\u00edn.Percusi\u00f3n Latinoamericana.Sicus.Charango.Piano.Guitarra.Canto. EDAD: De 8 &hellip; <a href=\"https:\/\/cultura.sma.gob.ar\/?p=5377\" class=\"more-link\">Continue reading <span class=\"screen-reader-text\">ORQUESTA MUSICANTES: INSCRIPCIONES ABIERTAS 2024<\/span><\/a><\/p>\n","protected":false},"author":1,"featured_media":293,"comment_status":"closed","ping_status":"","sticky":false,"template":"","format":"image","meta":{"footnotes":""},"categories":[7,9],"tags":[],"class_list":["post-5377","post","type-post","status-publish","format-image","has-post-thumbnail","hentry","category-talleres-cultura","category-ultimas-noticias","post_format-post-format-image"],"_links":{"self":[{"href":"https:\/\/cultura.sma.gob.ar\/index.php?rest_route=\/wp\/v2\/posts\/5377","targetHints":{"allow":["GET"]}}],"collection":[{"href":"https:\/\/cultura.sma.gob.ar\/index.php?rest_route=\/wp\/v2\/posts"}],"about":[{"href":"https:\/\/cultura.sma.gob.ar\/index.php?rest_route=\/wp\/v2\/types\/post"}],"author":[{"embeddable":true,"href":"https:\/\/cultura.sma.gob.ar\/index.php?rest_route=\/wp\/v2\/users\/1"}],"replies":[{"embeddable":true,"href":"https:\/\/cultura.sma.gob.ar\/index.php?rest_route=%2Fwp%2Fv2%2Fcomments&post=5377"}],"version-history":[{"count":1,"href":"https:\/\/cultura.sma.gob.ar\/index.php?rest_route=\/wp\/v2\/posts\/5377\/revisions"}],"predecessor-version":[{"id":5379,"href":"https:\/\/cultura.sma.gob.ar\/index.php?rest_route=\/wp\/v2\/posts\/5377\/revisions\/5379"}],"wp:featuredmedia":[{"embeddable":true,"href":"https:\/\/cultura.sma.gob.ar\/index.php?rest_route=\/wp\/v2\/media\/293"}],"wp:attachment":[{"href":"https:\/\/cultura.sma.gob.ar\/index.php?rest_route=%2Fwp%2Fv2%2Fmedia&parent=5377"}],"wp:term":[{"taxonomy":"category","embeddable":true,"href":"https:\/\/cultura.sma.gob.ar\/index.php?rest_route=%2Fwp%2Fv2%2Fcategories&post=5377"},{"taxonomy":"post_tag","embeddable":true,"href":"https:\/\/cultura.sma.gob.ar\/index.php?rest_route=%2Fwp%2Fv2%2Ftags&post=5377"}],"curies":[{"name":"wp","href":"https:\/\/api.w.org\/{rel}","templated":true}]}}