{"id":5370,"date":"2024-02-29T09:34:20","date_gmt":"2024-02-29T12:34:20","guid":{"rendered":"http:\/\/cultura.sma.gob.ar\/?p=5370"},"modified":"2024-02-29T10:15:50","modified_gmt":"2024-02-29T13:15:50","slug":"se-recibe-propuestas-de-artistas-o-colectivos-visuales-para-exponer-en-la-sala-lidaura-chapitel","status":"publish","type":"post","link":"https:\/\/cultura.sma.gob.ar\/?p=5370","title":{"rendered":"Se reciben propuestas de artistas o colectivos visuales para exponer en la Sala Lidaura Chapitel"},"content":{"rendered":"\n<figure class=\"wp-block-image size-large\"><img loading=\"lazy\" decoding=\"async\" width=\"480\" height=\"332\" src=\"https:\/\/cultura.sma.gob.ar\/wp-content\/uploads\/2024\/02\/logo-sala.jpg\" alt=\"\" class=\"wp-image-5371\" srcset=\"https:\/\/cultura.sma.gob.ar\/wp-content\/uploads\/2024\/02\/logo-sala.jpg 480w, https:\/\/cultura.sma.gob.ar\/wp-content\/uploads\/2024\/02\/logo-sala-300x208.jpg 300w, https:\/\/cultura.sma.gob.ar\/wp-content\/uploads\/2024\/02\/logo-sala-130x90.jpg 130w\" sizes=\"auto, (max-width: 480px) 100vw, 480px\" \/><\/figure>\n\n\n\n<p>La Secretar\u00eda de Cultura abre la convocatoria para artistas o colectivos visuales&nbsp; locales que deseen desarrollar y exhibir sus propuestas expositivas durante el&nbsp; 2024 en la Sala Municipal de Exposiciones Lidaura Chapitel.&nbsp;<\/p>\n\n\n\n<p><strong>Bases y condiciones&nbsp;&nbsp;<\/strong><\/p>\n\n\n\n<p>Podr\u00e1n enviarse propuestas hasta el 22 de abril de 2024, por mail, pudiendo&nbsp; incluirse diferentes lenguajes y disciplinas: instalaci\u00f3n, fotograf\u00eda, pintura, video&nbsp; arte, dibujo, escultura, performance u otra t\u00e9cnica que combine \u00e9stos u otros&nbsp; procedimientos entre s\u00ed.&nbsp;<\/p>\n\n\n\n<p>El equipo profesional de la sala podr\u00e1 ofrecer asesoramiento para la confecci\u00f3n&nbsp; de la propuesta a quien lo solicite con suficiente antelaci\u00f3n.&nbsp;<\/p>\n\n\n\n<p><strong>Destinatarios&nbsp;<\/strong><\/p>\n\n\n\n<p>La convocatoria est\u00e1 dirigida a artistas o colectivos visuales de San Mart\u00edn de\u00a0 los Andes exclusivamente, mayores de 18 a\u00f1os, que utilicen cualquier tipo de\u00a0 lenguaje: instalaci\u00f3n, fotograf\u00eda, pintura, video arte, dibujo, escultura, performance u otra t\u00e9cnica que combine \u00e9stos u otros procedimientos entre s\u00ed.<\/p>\n\n\n\n<p><strong>Presentaci\u00f3n de propuestas&nbsp;<\/strong><\/p>\n\n\n\n<p>Los artistas o colectivos visuales que deseen participar de la convocatoria tie nen plazo hasta el 22 de abril inclusive para enviar sus propuestas.\u00a0 Las presentaciones deber\u00e1n enviarse en un \u00fanico archivo pdf de hasta 5 MB,\u00a0 rotulado de la siguiente manera: apellido_nombre.pdf, a la direcci\u00f3n de correo: salamunicipal.chapitel@gmail.com, indicando en el asunto: Convocatoria\u00a0 Sala 2024.\u00a0<\/p>\n\n\n\n<p><strong>El archivo pdf deber\u00e1 contener la siguiente informaci\u00f3n: <\/strong><\/p>\n\n\n\n<p>1- Datos personales: nombre, fecha de nacimiento, datos de contacto (mail,&nbsp; tel\u00e9fono, p\u00e1gina web\/blog).&nbsp;<\/p>\n\n\n\n<p>2- Curr\u00edculum Vitae o biograf\u00eda breve (m\u00e1ximo 1 carilla) que incluya su trayec toria y exposiciones realizadas.&nbsp;<\/p>\n\n\n\n<p>3- T\u00edtulo del proyecto. S\u00edntesis conceptual. Requerimientos log\u00edsticos\/t\u00e9cnicos&nbsp; y de montaje de obra.&nbsp;<\/p>\n\n\n\n<p>4- Listado del total de obras a exponer con los siguientes datos: t\u00edtulo, t\u00e9cnica, tama\u00f1o, a\u00f1o de realizaci\u00f3n y precio.&nbsp;<\/p>\n\n\n\n<p>5- Un m\u00ednimo de 10 y m\u00e1ximo de 15 im\u00e1genes de las obras a exponer. 6- En el caso de videos, enviar enlaces a sitios como YouTube o Vimeo (si el video estuviera protegido por una contrase\u00f1a, no olvidar enviarla junto con&nbsp; la presentaci\u00f3n).&nbsp;<\/p>\n\n\n\n<p>7- Declaraci\u00f3n de autor\u00eda firmada con el siguiente formato: \u201cEl artista decla ra y manifiesta que las obras presentadas son de su autor\u00eda, \u00e9l es su&nbsp; \u00fanico y absoluto creador, as\u00ed como su exclusivo y leg\u00edtimo propietario de&nbsp; todas y cada una de dichas Obras de Arte Originales y\/o posee todos los&nbsp; derechos, licencias, consentimientos, permisos y autorizaciones vigentes&nbsp; emitidas por autoridad competente que se requieran para ser publicadas&nbsp; sin \u00e1nimo de lucro\u201d. Firma y aclaraci\u00f3n.&nbsp;<\/p>\n\n\n\n<p><strong>Sobre la selecci\u00f3n de obras&nbsp;<\/strong><\/p>\n\n\n\n<p>Las propuestas ser\u00e1n evaluadas por el equipo profesional de la Sala de Expo siciones Lidaura Chapitel, un profesional del campo de las artes visuales postu-<\/p>\n\n\n\n<p>lado por la Asociaci\u00f3n Amigos de la Sala Lidaura Chapitel, y autoridades de la&nbsp; Secretar\u00eda de Cultura&nbsp;<\/p>\n\n\n\n<p>Son v\u00e1lidas todas las expresiones de las artes visuales, cualquiera sea su&nbsp; t\u00e9cnica, procedimiento y tem\u00e1tica. No se aceptar\u00e1n propuestas incompletas o&nbsp; que no cumplan con alguno de los requerimientos.&nbsp;<\/p>\n\n\n\n<p><strong>Observaciones&nbsp;<\/strong><\/p>\n\n\n\n<p>Se priorizar\u00e1n aquellos artistas que no hayan expuesto durante el a\u00f1o 2023, sin&nbsp; ser una condici\u00f3n excluyente.&nbsp;<\/p>\n\n\n\n<p>Las propuestas seleccionadas ser\u00e1n distribuidas en el calendario de la sala&nbsp; teniendo en cuenta el cronograma anual de muestras y\/o eventos culturales,&nbsp; coexistencia de muestras y otros factores. Las fechas asignadas ser\u00e1n comuni cadas a los artistas, quienes deber\u00e1n dar su consentimiento y respetar dichas&nbsp; fechas.&nbsp;&nbsp;<\/p>\n\n\n\n<p>Posteriormente, los artistas deber\u00e1n firmar el Convenio que indica el Regla mento de la Sala de Exposiciones Lidaura Chapitel.&nbsp;<\/p>\n\n\n\n<p>Las propuestas podr\u00e1n coincidir espacial y temporalmente junto con otros pro yectos seleccionados.&nbsp;<\/p>\n\n\n\n<p>La sala de exposiciones Lidaura Chapitel no se encargar\u00e1 de la producci\u00f3n de&nbsp; obras, \u00e9stas deber\u00e1n estas preparadas y finalizadas por el artista para su ex hibici\u00f3n en la fecha acordada.&nbsp;<\/p>\n\n\n\n<p><strong>La sala aportar\u00e1:&nbsp;<\/strong><\/p>\n\n\n\n<p>&#8211; Asesoramiento para la confecci\u00f3n del proyecto expositivo a aquellos que lo&nbsp; requieran.&nbsp;<\/p>\n\n\n\n<p>&#8211; Curadur\u00eda de la propuesta.&nbsp;<\/p>\n\n\n\n<p>&#8211; Acompa\u00f1amiento en el montaje.&nbsp;<\/p>\n\n\n\n<p>&#8211; Las piezas gr\u00e1ficas presentes en el espacio y las de difusi\u00f3n digital (flyers,&nbsp; textos de sala, biograf\u00edas, nomencladores, etc.)&nbsp;<\/p>\n\n\n\n<p>&#8211; Campa\u00f1a de prensa y comunicaci\u00f3n en medios locales y provinciales.&nbsp; &#8211; Vernissage.&nbsp;<\/p>\n\n\n\n<p><strong>Para mayor informaci\u00f3n escribinos a salamunicipal.chapitel@gmail.com<\/strong><\/p>\n","protected":false},"excerpt":{"rendered":"<p>La Secretar\u00eda de Cultura abre la convocatoria para artistas o colectivos visuales&nbsp; locales que deseen desarrollar y exhibir sus propuestas expositivas durante el&nbsp; 2024 en la Sala Municipal de Exposiciones Lidaura Chapitel.&nbsp; Bases y condiciones&nbsp;&nbsp; Podr\u00e1n enviarse propuestas hasta el 22 de abril de 2024, por mail, pudiendo&nbsp; incluirse diferentes lenguajes y disciplinas: instalaci\u00f3n, fotograf\u00eda, pintura, video&nbsp; arte, dibujo, escultura, performance u otra t\u00e9cnica que &hellip; <a href=\"https:\/\/cultura.sma.gob.ar\/?p=5370\" class=\"more-link\">Continue reading <span class=\"screen-reader-text\">Se reciben propuestas de artistas o colectivos visuales para exponer en la Sala Lidaura Chapitel<\/span><\/a><\/p>\n","protected":false},"author":1,"featured_media":295,"comment_status":"closed","ping_status":"","sticky":false,"template":"","format":"image","meta":{"footnotes":""},"categories":[6,9],"tags":[],"class_list":["post-5370","post","type-post","status-publish","format-image","has-post-thumbnail","hentry","category-sala-lidaura-chapitel","category-ultimas-noticias","post_format-post-format-image"],"_links":{"self":[{"href":"https:\/\/cultura.sma.gob.ar\/index.php?rest_route=\/wp\/v2\/posts\/5370","targetHints":{"allow":["GET"]}}],"collection":[{"href":"https:\/\/cultura.sma.gob.ar\/index.php?rest_route=\/wp\/v2\/posts"}],"about":[{"href":"https:\/\/cultura.sma.gob.ar\/index.php?rest_route=\/wp\/v2\/types\/post"}],"author":[{"embeddable":true,"href":"https:\/\/cultura.sma.gob.ar\/index.php?rest_route=\/wp\/v2\/users\/1"}],"replies":[{"embeddable":true,"href":"https:\/\/cultura.sma.gob.ar\/index.php?rest_route=%2Fwp%2Fv2%2Fcomments&post=5370"}],"version-history":[{"count":4,"href":"https:\/\/cultura.sma.gob.ar\/index.php?rest_route=\/wp\/v2\/posts\/5370\/revisions"}],"predecessor-version":[{"id":5415,"href":"https:\/\/cultura.sma.gob.ar\/index.php?rest_route=\/wp\/v2\/posts\/5370\/revisions\/5415"}],"wp:featuredmedia":[{"embeddable":true,"href":"https:\/\/cultura.sma.gob.ar\/index.php?rest_route=\/wp\/v2\/media\/295"}],"wp:attachment":[{"href":"https:\/\/cultura.sma.gob.ar\/index.php?rest_route=%2Fwp%2Fv2%2Fmedia&parent=5370"}],"wp:term":[{"taxonomy":"category","embeddable":true,"href":"https:\/\/cultura.sma.gob.ar\/index.php?rest_route=%2Fwp%2Fv2%2Fcategories&post=5370"},{"taxonomy":"post_tag","embeddable":true,"href":"https:\/\/cultura.sma.gob.ar\/index.php?rest_route=%2Fwp%2Fv2%2Ftags&post=5370"}],"curies":[{"name":"wp","href":"https:\/\/api.w.org\/{rel}","templated":true}]}}