{"id":5356,"date":"2024-02-27T14:56:43","date_gmt":"2024-02-27T17:56:43","guid":{"rendered":"http:\/\/cultura.sma.gob.ar\/?p=5356"},"modified":"2024-02-27T14:56:43","modified_gmt":"2024-02-27T17:56:43","slug":"abrio-la-convocatoria-para-talleres-en-estaciones-culturales","status":"publish","type":"post","link":"https:\/\/cultura.sma.gob.ar\/?p=5356","title":{"rendered":"Abri\u00f3 la convocatoria para talleres en Estaciones Culturales"},"content":{"rendered":"\n<figure class=\"wp-block-image size-large\"><img loading=\"lazy\" decoding=\"async\" width=\"1024\" height=\"1024\" src=\"http:\/\/cultura.sma.gob.ar\/wp-content\/uploads\/2024\/02\/SMA-tc0011-Flyer-Convocatoria-Estaciones-Culturales-2024_1x1-1024x1024.jpg\" alt=\"\" class=\"wp-image-5357\" srcset=\"https:\/\/cultura.sma.gob.ar\/wp-content\/uploads\/2024\/02\/SMA-tc0011-Flyer-Convocatoria-Estaciones-Culturales-2024_1x1-1024x1024.jpg 1024w, https:\/\/cultura.sma.gob.ar\/wp-content\/uploads\/2024\/02\/SMA-tc0011-Flyer-Convocatoria-Estaciones-Culturales-2024_1x1-300x300.jpg 300w, https:\/\/cultura.sma.gob.ar\/wp-content\/uploads\/2024\/02\/SMA-tc0011-Flyer-Convocatoria-Estaciones-Culturales-2024_1x1-150x150.jpg 150w, https:\/\/cultura.sma.gob.ar\/wp-content\/uploads\/2024\/02\/SMA-tc0011-Flyer-Convocatoria-Estaciones-Culturales-2024_1x1-768x768.jpg 768w, https:\/\/cultura.sma.gob.ar\/wp-content\/uploads\/2024\/02\/SMA-tc0011-Flyer-Convocatoria-Estaciones-Culturales-2024_1x1-1536x1536.jpg 1536w, https:\/\/cultura.sma.gob.ar\/wp-content\/uploads\/2024\/02\/SMA-tc0011-Flyer-Convocatoria-Estaciones-Culturales-2024_1x1-2048x2048.jpg 2048w, https:\/\/cultura.sma.gob.ar\/wp-content\/uploads\/2024\/02\/SMA-tc0011-Flyer-Convocatoria-Estaciones-Culturales-2024_1x1-90x90.jpg 90w\" sizes=\"auto, (max-width: 1024px) 100vw, 1024px\" \/><\/figure>\n\n\n\n<p>La Secretar\u00eda de Cultura invita a presentar propuestas de talleres y cursos art\u00edsticos y culturales para la edici\u00f3n 2024 del programa \u201cEstaciones Culturales\u201d.<\/p>\n\n\n\n<p>El programa \u201cEstaciones Culturales\u201d ofrece una amplia gama de talleres art\u00edsticos y culturales gratuitos en distintos barrios de la localidad. Cada \u201cEstaci\u00f3n\u201d funciona hasta tres veces por semana desde las 16 y 22 hs.<\/p>\n\n\n\n<p>La convocatoria a facilitadoras y facilitadores para este a\u00f1o estar\u00e1 abierta desde el martes 27 de febrero hasta el lunes&nbsp; 11 de marzo. Importante: es condici\u00f3n indispensable contar con monotributo propio y activo al momento de presentarse a la convocatoria.<\/p>\n\n\n\n<p>Para presentar propuestas, las personas interesadas deben completar el siguiente formulario:&nbsp;<a href=\"https:\/\/forms.gle\/orzLdvbCQmJADNo29\" rel=\"noreferrer noopener\" target=\"_blank\">https:\/\/forms.gle\/orzLdvbCQmJADNo29<\/a><\/p>\n","protected":false},"excerpt":{"rendered":"<p>La Secretar\u00eda de Cultura invita a presentar propuestas de talleres y cursos art\u00edsticos y culturales para la edici\u00f3n 2024 del programa \u201cEstaciones Culturales\u201d. El programa \u201cEstaciones Culturales\u201d ofrece una amplia gama de talleres art\u00edsticos y culturales gratuitos en distintos barrios de la localidad. Cada \u201cEstaci\u00f3n\u201d funciona hasta tres veces por semana desde las 16 y 22 hs. La convocatoria a facilitadoras y facilitadores para este &hellip; <a href=\"https:\/\/cultura.sma.gob.ar\/?p=5356\" class=\"more-link\">Continue reading <span class=\"screen-reader-text\">Abri\u00f3 la convocatoria para talleres en Estaciones Culturales<\/span><\/a><\/p>\n","protected":false},"author":1,"featured_media":293,"comment_status":"closed","ping_status":"","sticky":false,"template":"","format":"image","meta":{"footnotes":""},"categories":[7,9],"tags":[],"class_list":["post-5356","post","type-post","status-publish","format-image","has-post-thumbnail","hentry","category-talleres-cultura","category-ultimas-noticias","post_format-post-format-image"],"_links":{"self":[{"href":"https:\/\/cultura.sma.gob.ar\/index.php?rest_route=\/wp\/v2\/posts\/5356","targetHints":{"allow":["GET"]}}],"collection":[{"href":"https:\/\/cultura.sma.gob.ar\/index.php?rest_route=\/wp\/v2\/posts"}],"about":[{"href":"https:\/\/cultura.sma.gob.ar\/index.php?rest_route=\/wp\/v2\/types\/post"}],"author":[{"embeddable":true,"href":"https:\/\/cultura.sma.gob.ar\/index.php?rest_route=\/wp\/v2\/users\/1"}],"replies":[{"embeddable":true,"href":"https:\/\/cultura.sma.gob.ar\/index.php?rest_route=%2Fwp%2Fv2%2Fcomments&post=5356"}],"version-history":[{"count":1,"href":"https:\/\/cultura.sma.gob.ar\/index.php?rest_route=\/wp\/v2\/posts\/5356\/revisions"}],"predecessor-version":[{"id":5358,"href":"https:\/\/cultura.sma.gob.ar\/index.php?rest_route=\/wp\/v2\/posts\/5356\/revisions\/5358"}],"wp:featuredmedia":[{"embeddable":true,"href":"https:\/\/cultura.sma.gob.ar\/index.php?rest_route=\/wp\/v2\/media\/293"}],"wp:attachment":[{"href":"https:\/\/cultura.sma.gob.ar\/index.php?rest_route=%2Fwp%2Fv2%2Fmedia&parent=5356"}],"wp:term":[{"taxonomy":"category","embeddable":true,"href":"https:\/\/cultura.sma.gob.ar\/index.php?rest_route=%2Fwp%2Fv2%2Fcategories&post=5356"},{"taxonomy":"post_tag","embeddable":true,"href":"https:\/\/cultura.sma.gob.ar\/index.php?rest_route=%2Fwp%2Fv2%2Ftags&post=5356"}],"curies":[{"name":"wp","href":"https:\/\/api.w.org\/{rel}","templated":true}]}}