{"id":535,"date":"2020-11-03T12:38:29","date_gmt":"2020-11-03T15:38:29","guid":{"rendered":"http:\/\/cultura.sma.gob.ar\/?p=535"},"modified":"2020-11-03T12:38:29","modified_gmt":"2020-11-03T15:38:29","slug":"un-camino-y-un-secreto-14-feria-regional-del-libro","status":"publish","type":"post","link":"https:\/\/cultura.sma.gob.ar\/?p=535","title":{"rendered":"Un camino y un secreto &#8211; 14\u00b0 Feria Regional del Libro"},"content":{"rendered":"\n<figure class=\"wp-block-image size-large\"><img loading=\"lazy\" decoding=\"async\" width=\"781\" height=\"788\" src=\"http:\/\/cultura.sma.gob.ar\/wp-content\/uploads\/2020\/11\/Un-Camino-y-un-Secreto.png\" alt=\"\" class=\"wp-image-536\" srcset=\"https:\/\/cultura.sma.gob.ar\/wp-content\/uploads\/2020\/11\/Un-Camino-y-un-Secreto.png 781w, https:\/\/cultura.sma.gob.ar\/wp-content\/uploads\/2020\/11\/Un-Camino-y-un-Secreto-297x300.png 297w, https:\/\/cultura.sma.gob.ar\/wp-content\/uploads\/2020\/11\/Un-Camino-y-un-Secreto-150x150.png 150w, https:\/\/cultura.sma.gob.ar\/wp-content\/uploads\/2020\/11\/Un-Camino-y-un-Secreto-768x775.png 768w, https:\/\/cultura.sma.gob.ar\/wp-content\/uploads\/2020\/11\/Un-Camino-y-un-Secreto-89x90.png 89w\" sizes=\"auto, (max-width: 781px) 100vw, 781px\" \/><\/figure>\n\n\n\n<p>Por<strong> Mar\u00eda Marta Paz y Sabina N\u00f3<\/strong><\/p>\n\n\n\n<ul class=\"wp-block-list\"><li>Jueves 12- Grupo 1 17 hs- Grupo 2 18 hs<\/li><\/ul>\n\n\n\n<p>En la Sala Municipal de Exposiciones \u201cLidaura Chapitel\u201d<\/p>\n\n\n\n<p>Dirigido a ni\u00f1os\/as<\/p>\n\n\n\n<p>Duraci\u00f3n: 1 hora por grupo<\/p>\n\n\n\n<h4 class=\"wp-block-heading\">Reserv\u00e1 tu lugar escribiendo a <a href=\"mailto:talleres.cultura@smandes.gov.ar\">talleres.cultura@smandes.gov.ar<\/a> o llamando al 424-804<\/h4>\n\n\n\n<p>Taller literario y de expresi\u00f3n pl\u00e1stica comprendiendo y utilizando los conceptos del Libro \u00c1lbum. A partir de la lectura de \u201cUn camino y un secreto\u201d, se trabajar\u00e1 en la producci\u00f3n de textos propios y la caracterizaci\u00f3n de los personajes a partir del trabajo con mu\u00f1ecos de tela que los asistentes podr\u00e1n llevarse.<\/p>\n\n\n\n<p>Mar\u00eda Marta Paz es docente y escritora. Sabina N\u00f3 estudio en la Facultad de Bella artes, es artista visual y dise\u00f1adora grafica.&nbsp;<\/p>\n","protected":false},"excerpt":{"rendered":"<p>Actividad con protocolo sanitario e inscripci\u00f3n previa. <a href=\"https:\/\/cultura.sma.gob.ar\/?p=535\" class=\"more-link\">Continue reading <span class=\"screen-reader-text\">Un camino y un secreto &#8211; 14\u00b0 Feria Regional del Libro<\/span><\/a><\/p>\n","protected":false},"author":1,"featured_media":296,"comment_status":"closed","ping_status":"","sticky":false,"template":"","format":"image","meta":{"footnotes":""},"categories":[3,9],"tags":[],"class_list":["post-535","post","type-post","status-publish","format-image","has-post-thumbnail","hentry","category-eventos-cultura","category-ultimas-noticias","post_format-post-format-image"],"_links":{"self":[{"href":"https:\/\/cultura.sma.gob.ar\/index.php?rest_route=\/wp\/v2\/posts\/535","targetHints":{"allow":["GET"]}}],"collection":[{"href":"https:\/\/cultura.sma.gob.ar\/index.php?rest_route=\/wp\/v2\/posts"}],"about":[{"href":"https:\/\/cultura.sma.gob.ar\/index.php?rest_route=\/wp\/v2\/types\/post"}],"author":[{"embeddable":true,"href":"https:\/\/cultura.sma.gob.ar\/index.php?rest_route=\/wp\/v2\/users\/1"}],"replies":[{"embeddable":true,"href":"https:\/\/cultura.sma.gob.ar\/index.php?rest_route=%2Fwp%2Fv2%2Fcomments&post=535"}],"version-history":[{"count":1,"href":"https:\/\/cultura.sma.gob.ar\/index.php?rest_route=\/wp\/v2\/posts\/535\/revisions"}],"predecessor-version":[{"id":537,"href":"https:\/\/cultura.sma.gob.ar\/index.php?rest_route=\/wp\/v2\/posts\/535\/revisions\/537"}],"wp:featuredmedia":[{"embeddable":true,"href":"https:\/\/cultura.sma.gob.ar\/index.php?rest_route=\/wp\/v2\/media\/296"}],"wp:attachment":[{"href":"https:\/\/cultura.sma.gob.ar\/index.php?rest_route=%2Fwp%2Fv2%2Fmedia&parent=535"}],"wp:term":[{"taxonomy":"category","embeddable":true,"href":"https:\/\/cultura.sma.gob.ar\/index.php?rest_route=%2Fwp%2Fv2%2Fcategories&post=535"},{"taxonomy":"post_tag","embeddable":true,"href":"https:\/\/cultura.sma.gob.ar\/index.php?rest_route=%2Fwp%2Fv2%2Ftags&post=535"}],"curies":[{"name":"wp","href":"https:\/\/api.w.org\/{rel}","templated":true}]}}