{"id":5339,"date":"2024-02-26T12:46:55","date_gmt":"2024-02-26T15:46:55","guid":{"rendered":"http:\/\/cultura.sma.gob.ar\/?p=5339"},"modified":"2024-02-26T12:50:26","modified_gmt":"2024-02-26T15:50:26","slug":"se-volvieron-a-colocar-los-carteles-con-los-nombres-de-los-puentes-benvenuto-y-dr-tomas-petiso-rodriguez","status":"publish","type":"post","link":"https:\/\/cultura.sma.gob.ar\/?p=5339","title":{"rendered":"Se volvieron a colocar los carteles con los nombres de los puentes Benvenuto y Dr. Tom\u00e1s &#8220;Petiso&#8221; Rodr\u00edguez"},"content":{"rendered":"\n<figure class=\"wp-block-image size-large\"><img loading=\"lazy\" decoding=\"async\" width=\"1024\" height=\"684\" src=\"https:\/\/cultura.sma.gob.ar\/wp-content\/uploads\/2024\/02\/429772446_1337974647144720_8119002547976185126_n-1024x684.jpg\" alt=\"\" class=\"wp-image-5340\" srcset=\"https:\/\/cultura.sma.gob.ar\/wp-content\/uploads\/2024\/02\/429772446_1337974647144720_8119002547976185126_n-1024x684.jpg 1024w, https:\/\/cultura.sma.gob.ar\/wp-content\/uploads\/2024\/02\/429772446_1337974647144720_8119002547976185126_n-300x200.jpg 300w, https:\/\/cultura.sma.gob.ar\/wp-content\/uploads\/2024\/02\/429772446_1337974647144720_8119002547976185126_n-768x513.jpg 768w, https:\/\/cultura.sma.gob.ar\/wp-content\/uploads\/2024\/02\/429772446_1337974647144720_8119002547976185126_n-1536x1025.jpg 1536w, https:\/\/cultura.sma.gob.ar\/wp-content\/uploads\/2024\/02\/429772446_1337974647144720_8119002547976185126_n-135x90.jpg 135w, https:\/\/cultura.sma.gob.ar\/wp-content\/uploads\/2024\/02\/429772446_1337974647144720_8119002547976185126_n.jpg 2048w\" sizes=\"auto, (max-width: 1024px) 100vw, 1024px\" \/><\/figure>\n\n\n\n<p>Se volvieron a colocar los carteles con los nombres de los puentes Benvenuto y Dr. Tom\u00e1s &#8220;Petiso&#8221; Rodr\u00edguez. Tambi\u00e9n se volvi\u00f3 a colocar el cartel del Paseo de los Madereros, en la Costanera, que recuerda a las familias pioneras de la industria forestal.<\/p>\n\n\n\n<p><strong>Benvenuto Bortot<\/strong> fue un vecino que ten\u00eda un almac\u00e9n de ramos generales cerca del puente de calle Elordi, por eso al puente se lo llamaba de ese modo. En&nbsp;1987 el Concejo Deliberante&nbsp; oficializ\u00f3 ese nombre mediante Ordenanza N\u00ba 64\/87.<\/p>\n\n\n\n<p>El<strong> Dr. Tom\u00e1s &#8220;Petiso&#8221; Rodr\u00edguez<\/strong>, hijo de don Leopoldo Rodr\u00edguez, primer intendente democr\u00e1tico de la ciudad, fue un vecino muy involucrado en la vida social y pol\u00edtica del pueblo, bohemio, generoso, poeta y gran polemista. En 2012 el Concejo Deliberante impuso su nombre, a modo de homenaje, al puente de la calle Coronel P\u00e9rez.<br><\/p>\n\n\n\n<div class=\"wp-block-jetpack-tiled-gallery aligncenter is-style-rectangular\"><div class=\"tiled-gallery__gallery\"><div class=\"tiled-gallery__row\"><div class=\"tiled-gallery__col\" style=\"flex-basis:66.84250835419736%\"><figure class=\"tiled-gallery__item\"><img decoding=\"async\" alt=\"\" data-height=\"1367\" data-id=\"5341\" data-link=\"https:\/\/cultura.sma.gob.ar\/?attachment_id=5341\" data-url=\"https:\/\/cultura.sma.gob.ar\/wp-content\/uploads\/2024\/02\/430018341_1337974860478032_2035733587125485479_n.jpg\" data-width=\"2048\" src=\"https:\/\/i2.wp.com\/cultura.sma.gob.ar\/wp-content\/uploads\/2024\/02\/430018341_1337974860478032_2035733587125485479_n.jpg?ssl=1\" layout=\"responsive\"\/><\/figure><\/div><div class=\"tiled-gallery__col\" style=\"flex-basis:33.157491645802644%\"><figure class=\"tiled-gallery__item\"><img decoding=\"async\" alt=\"\" data-height=\"1367\" data-id=\"5342\" data-link=\"https:\/\/cultura.sma.gob.ar\/?attachment_id=5342\" data-url=\"https:\/\/cultura.sma.gob.ar\/wp-content\/uploads\/2024\/02\/429662593_1337974910478027_2926026772597692012_n.jpg\" data-width=\"2048\" src=\"https:\/\/i1.wp.com\/cultura.sma.gob.ar\/wp-content\/uploads\/2024\/02\/429662593_1337974910478027_2926026772597692012_n.jpg?ssl=1\" layout=\"responsive\"\/><\/figure><figure class=\"tiled-gallery__item\"><img decoding=\"async\" alt=\"\" data-height=\"1367\" data-id=\"5343\" data-link=\"https:\/\/cultura.sma.gob.ar\/?attachment_id=5343\" data-url=\"https:\/\/cultura.sma.gob.ar\/wp-content\/uploads\/2024\/02\/429799411_1337974727144712_4987146320922136243_n.jpg\" data-width=\"2048\" src=\"https:\/\/i0.wp.com\/cultura.sma.gob.ar\/wp-content\/uploads\/2024\/02\/429799411_1337974727144712_4987146320922136243_n.jpg?ssl=1\" layout=\"responsive\"\/><\/figure><\/div><\/div><div class=\"tiled-gallery__row\"><div class=\"tiled-gallery__col\" style=\"flex-basis:100%\"><figure class=\"tiled-gallery__item\"><img decoding=\"async\" alt=\"\" data-height=\"1367\" data-id=\"5344\" data-link=\"https:\/\/cultura.sma.gob.ar\/?attachment_id=5344\" data-url=\"https:\/\/cultura.sma.gob.ar\/wp-content\/uploads\/2024\/02\/430039706_1337974657144719_5878895067172079668_n.jpg\" data-width=\"2048\" src=\"https:\/\/i0.wp.com\/cultura.sma.gob.ar\/wp-content\/uploads\/2024\/02\/430039706_1337974657144719_5878895067172079668_n.jpg?ssl=1\" layout=\"responsive\"\/><\/figure><\/div><\/div><\/div><\/div>\n","protected":false},"excerpt":{"rendered":"<p>Se volvieron a colocar los carteles con los nombres de los puentes Benvenuto y Dr. Tom\u00e1s &#8220;Petiso&#8221; Rodr\u00edguez. Tambi\u00e9n se volvi\u00f3 a colocar el cartel del Paseo de los Madereros, en la Costanera, que recuerda a las familias pioneras de la industria forestal. Benvenuto Bortot fue un vecino que ten\u00eda un almac\u00e9n de ramos generales cerca del puente de calle Elordi, por eso al puente &hellip; <a href=\"https:\/\/cultura.sma.gob.ar\/?p=5339\" class=\"more-link\">Continue reading <span class=\"screen-reader-text\">Se volvieron a colocar los carteles con los nombres de los puentes Benvenuto y Dr. Tom\u00e1s &#8220;Petiso&#8221; Rodr\u00edguez<\/span><\/a><\/p>\n","protected":false},"author":1,"featured_media":291,"comment_status":"closed","ping_status":"","sticky":false,"template":"","format":"image","meta":{"footnotes":""},"categories":[5,9],"tags":[],"class_list":["post-5339","post","type-post","status-publish","format-image","has-post-thumbnail","hentry","category-patrimonio-cultural","category-ultimas-noticias","post_format-post-format-image"],"_links":{"self":[{"href":"https:\/\/cultura.sma.gob.ar\/index.php?rest_route=\/wp\/v2\/posts\/5339","targetHints":{"allow":["GET"]}}],"collection":[{"href":"https:\/\/cultura.sma.gob.ar\/index.php?rest_route=\/wp\/v2\/posts"}],"about":[{"href":"https:\/\/cultura.sma.gob.ar\/index.php?rest_route=\/wp\/v2\/types\/post"}],"author":[{"embeddable":true,"href":"https:\/\/cultura.sma.gob.ar\/index.php?rest_route=\/wp\/v2\/users\/1"}],"replies":[{"embeddable":true,"href":"https:\/\/cultura.sma.gob.ar\/index.php?rest_route=%2Fwp%2Fv2%2Fcomments&post=5339"}],"version-history":[{"count":2,"href":"https:\/\/cultura.sma.gob.ar\/index.php?rest_route=\/wp\/v2\/posts\/5339\/revisions"}],"predecessor-version":[{"id":5347,"href":"https:\/\/cultura.sma.gob.ar\/index.php?rest_route=\/wp\/v2\/posts\/5339\/revisions\/5347"}],"wp:featuredmedia":[{"embeddable":true,"href":"https:\/\/cultura.sma.gob.ar\/index.php?rest_route=\/wp\/v2\/media\/291"}],"wp:attachment":[{"href":"https:\/\/cultura.sma.gob.ar\/index.php?rest_route=%2Fwp%2Fv2%2Fmedia&parent=5339"}],"wp:term":[{"taxonomy":"category","embeddable":true,"href":"https:\/\/cultura.sma.gob.ar\/index.php?rest_route=%2Fwp%2Fv2%2Fcategories&post=5339"},{"taxonomy":"post_tag","embeddable":true,"href":"https:\/\/cultura.sma.gob.ar\/index.php?rest_route=%2Fwp%2Fv2%2Ftags&post=5339"}],"curies":[{"name":"wp","href":"https:\/\/api.w.org\/{rel}","templated":true}]}}